{"id":32719,"date":"2021-05-17T00:00:59","date_gmt":"2021-05-17T03:00:59","guid":{"rendered":"https:\/\/vocesdebaires.com.ar\/?p=32719"},"modified":"2021-05-16T21:46:06","modified_gmt":"2021-05-17T00:46:06","slug":"liniers-cayo-una-mujer-que-fue-expulsada-del-pais-e-incumplia-condena","status":"publish","type":"post","link":"https:\/\/vocesdebaires.com.ar\/index.php\/2021\/05\/17\/liniers-cayo-una-mujer-que-fue-expulsada-del-pais-e-incumplia-condena\/","title":{"rendered":"Liniers: Cay\u00f3 mujer que fue expulsada del pa\u00eds e incumpl\u00eda condena"},"content":{"rendered":"<p>Un llamado an\u00f3nimo al 911 denunci\u00f3 d\u00edas atr\u00e1s que la mujer que hab\u00eda sido expulsada del pa\u00eds en diciembre pasado, estaba viviendo en el barrio de Liniers, en la calle Palmar al 7200.<br \/>\nLa imputada no s\u00f3lo hab\u00eda sido deportada, sino que adem\u00e1s se le hab\u00eda prohibido el ingreso a la Argentina por el t\u00e9rmino de diez a\u00f1os. Tras corroborarse los datos a trav\u00e9s de los sistemas de antecedentes de la Polic\u00eda de la Ciudad y Migraciones, se comprob\u00f3 que la denuncia era veraz.<\/p>\n<p>R\u00e1pidamente, la Divisi\u00f3n Capturas y B\u00fasqueda de Pr\u00f3fugos de la Polic\u00eda de la Ciudad se apost\u00f3 en inmediaciones de la direcci\u00f3n indicada con el objetivo de dar con la pr\u00f3fuga. As\u00ed las cosas, los oficiales lograron visualizar a una mujer que coincid\u00eda con las caracter\u00edsticas f\u00edsicas de la denunciada y procedi\u00f3 a identificarla, recibiendo en primera medida una negativa de la delincuente, aunque finalmente se logr\u00f3 establecer la identidad confirmando que se trataba de la buscada.<\/p>\n<p>El Tribunal Oral en lo Criminal Federal N\u00famero 1, a cargo del doctor Ricardo Basilio y ante la Secretar\u00eda del doctor Ignacio Labadens, aval\u00f3 lo actuado por el personal policial, orden\u00f3 la inmediata detenci\u00f3n de la mujer y su traslado a una penitenciaria federal para que se efectivice su condena. Cabe destacar que sobre la mujer cae la pena de prisi\u00f3n por ser coautora del delito de reducci\u00f3n a la servidumbre, formaci\u00f3n y facilitaci\u00f3n de la permanencia ilegal de extranjeros en el pa\u00eds, con el fin de obtener un beneficio econ\u00f3mico agravado.<\/p>\n<p>Adem\u00e1s, es considerada ser autora material del delito de trata de personas en la modalidad captaci\u00f3n y traslado con fines de explotaci\u00f3n laboral agravado por abuso en situaci\u00f3n de vulnerabilidad al tratarse de menores de 18 a\u00f1os, y est\u00e1 imputada en el delito de desobediencia con intervenci\u00f3n del Juzgado Criminal y Correccional Federal N\u00famero 7, a cargo del doctor Sebasti\u00e1n Casanello y ante la Secretar\u00eda 14 de la doctora Michelle Moreau.<\/p>\n","protected":false},"excerpt":{"rendered":"<p>Un llamado an\u00f3nimo al 911 denunci\u00f3 d\u00edas atr\u00e1s que la mujer que hab\u00eda sido expulsada del pa\u00eds en diciembre pasado, estaba viviendo en el barrio de Liniers, en la calle Palmar al 7200. La imputada no s\u00f3lo hab\u00eda sido deportada, sino que adem\u00e1s se le hab\u00eda prohibido el ingreso a la Argentina por el t\u00e9rmino [&hellip;]<\/p>\n","protected":false},"author":3,"featured_media":32720,"comment_status":"open","ping_status":"open","sticky":false,"template":"","format":"standard","meta":{"_et_pb_use_builder":"","_et_pb_old_content":"","_et_gb_content_width":"","footnotes":""},"categories":[11,32],"tags":[],"class_list":["post-32719","post","type-post","status-publish","format-standard","has-post-thumbnail","hentry","category-ciudad","category-comunas"],"_links":{"self":[{"href":"https:\/\/vocesdebaires.com.ar\/index.php\/wp-json\/wp\/v2\/posts\/32719"}],"collection":[{"href":"https:\/\/vocesdebaires.com.ar\/index.php\/wp-json\/wp\/v2\/posts"}],"about":[{"href":"https:\/\/vocesdebaires.com.ar\/index.php\/wp-json\/wp\/v2\/types\/post"}],"author":[{"embeddable":true,"href":"https:\/\/vocesdebaires.com.ar\/index.php\/wp-json\/wp\/v2\/users\/3"}],"replies":[{"embeddable":true,"href":"https:\/\/vocesdebaires.com.ar\/index.php\/wp-json\/wp\/v2\/comments?post=32719"}],"version-history":[{"count":2,"href":"https:\/\/vocesdebaires.com.ar\/index.php\/wp-json\/wp\/v2\/posts\/32719\/revisions"}],"predecessor-version":[{"id":32722,"href":"https:\/\/vocesdebaires.com.ar\/index.php\/wp-json\/wp\/v2\/posts\/32719\/revisions\/32722"}],"wp:featuredmedia":[{"embeddable":true,"href":"https:\/\/vocesdebaires.com.ar\/index.php\/wp-json\/wp\/v2\/media\/32720"}],"wp:attachment":[{"href":"https:\/\/vocesdebaires.com.ar\/index.php\/wp-json\/wp\/v2\/media?parent=32719"}],"wp:term":[{"taxonomy":"category","embeddable":true,"href":"https:\/\/vocesdebaires.com.ar\/index.php\/wp-json\/wp\/v2\/categories?post=32719"},{"taxonomy":"post_tag","embeddable":true,"href":"https:\/\/vocesdebaires.com.ar\/index.php\/wp-json\/wp\/v2\/tags?post=32719"}],"curies":[{"name":"wp","href":"https:\/\/api.w.org\/{rel}","templated":true}]}}