{"id":32729,"date":"2021-05-17T00:00:58","date_gmt":"2021-05-17T03:00:58","guid":{"rendered":"https:\/\/vocesdebaires.com.ar\/?p=32729"},"modified":"2021-05-16T21:55:36","modified_gmt":"2021-05-17T00:55:36","slug":"ciudadextraditados-de-paraguay-por-asesinato-e-intento-de-femicidio","status":"publish","type":"post","link":"https:\/\/vocesdebaires.com.ar\/index.php\/2021\/05\/17\/ciudadextraditados-de-paraguay-por-asesinato-e-intento-de-femicidio\/","title":{"rendered":"Ciudad:Extraditados de Paraguay, por asesinato e intento de femicidio"},"content":{"rendered":"<p>Uno los de detenidos est\u00e1 acusado de matar de 43 pu\u00f1aladas a un compa\u00f1ero de trabajo en una obra en construcci\u00f3n y el otro de quemarle el rostro, brazos y el pecho a su pareja de entonces. En las \u00faltimas horas, los dos imputados fueron tra\u00eddos en un vuelo por personal del Departamento Interpol de la Polic\u00eda Federal Argentina, y, tras ser sometidos en el aeropuerto Ministro Pistarini a los tr\u00e1mites migratorios, revisi\u00f3n m\u00e9dica y protocolos COVID, fueron entregados a oficiales de la Divisi\u00f3n Homicidios del Departamento Delitos contra las Personas de la Polic\u00eda de la Ciudad, que los aloj\u00f3 en la alcaid\u00eda 8, de esa dependencia, a la espera de ser convocados por los respectivos juzgados.<\/p>\n<p>Uno de los extraditados, identificado con sus iniciales CDV, de nacionalidad paraguaya de 36 a\u00f1os, est\u00e1 acusado de homicidio simple de Arnaldo Franco Trinidad. Aquel 5 de setiembre de 2014 el imputado era capataz de una obra en construcci\u00f3n y tras una discusi\u00f3n Trinidad, que era cocinero, le asest\u00f3 con un cuchillo 43 pu\u00f1aladas que le provocaron hemorragias internas que terminaron con su vida. El agresor huy\u00f3 y el Juzgado le encomend\u00f3 a la Divisi\u00f3n Homicidios de la Polic\u00eda de la Ciudad la tarea para dar con el paradero del homicida.<\/p>\n<p>Los polic\u00edas llevaron a cabo un rastrillaje inform\u00e1tico, tendiente a establecer posibles domicilios que permitieran un rastro, realizando para ello una b\u00fasqueda pormenorizada en bases de datos y fuentes abiertas de Internet, estableci\u00e9ndose que CDV se encontrar\u00eda en Paraguay. Puesto en conocimiento de esto, el Juzgado Nacional en lo Criminal y Correccional 45, a cargo del Dr. Alejandro Litvack, secretar\u00eda 122 del Dr. Nicol\u00e1s Eduardo Coronel, solicit\u00f3 su captura internacional, siendo detenido y extraditado en las \u00faltimas horas.<\/p>\n<p>El otro extraditado, cuyas iniciales son AGC, est\u00e1 acusado de tentativa de homicidio por haber rociado con l\u00edquido combustible y prenderle fuego a su entonces pareja, provoc\u00e1ndole quemaduras en el rostro, brazo y pecho el 15 de octubre de 2016. Tras el ataque, el agresor traslad\u00f3 a la v\u00edctima hasta el hospital del Quemado y luego escap\u00f3 a bordo de su camioneta, una Chevrolet LUV blanca, por lo cual el Juzgado orden\u00f3 su captura internacional.Tras una larga b\u00fasqueda, agentes de Interpol dieron con el imputado el 11 de febrero \u00faltimo procediendo a la detenci\u00f3n y en las \u00faltimas horas extraditado, quedando a disposici\u00f3n del Juzgado Nacional en lo Criminal y Correccional 14, a cargo del Dr. Diego Javier Slupski, secretar\u00eda 143 del Dr. Alberto Gegunded.<\/p>\n","protected":false},"excerpt":{"rendered":"<p>Uno los de detenidos est\u00e1 acusado de matar de 43 pu\u00f1aladas a un compa\u00f1ero de trabajo en una obra en construcci\u00f3n y el otro de quemarle el rostro, brazos y el pecho a su pareja de entonces. En las \u00faltimas horas, los dos imputados fueron tra\u00eddos en un vuelo por personal del Departamento Interpol de [&hellip;]<\/p>\n","protected":false},"author":3,"featured_media":32730,"comment_status":"open","ping_status":"open","sticky":false,"template":"","format":"standard","meta":{"_et_pb_use_builder":"","_et_pb_old_content":"","_et_gb_content_width":"","footnotes":""},"categories":[11,32],"tags":[],"class_list":["post-32729","post","type-post","status-publish","format-standard","has-post-thumbnail","hentry","category-ciudad","category-comunas"],"_links":{"self":[{"href":"https:\/\/vocesdebaires.com.ar\/index.php\/wp-json\/wp\/v2\/posts\/32729"}],"collection":[{"href":"https:\/\/vocesdebaires.com.ar\/index.php\/wp-json\/wp\/v2\/posts"}],"about":[{"href":"https:\/\/vocesdebaires.com.ar\/index.php\/wp-json\/wp\/v2\/types\/post"}],"author":[{"embeddable":true,"href":"https:\/\/vocesdebaires.com.ar\/index.php\/wp-json\/wp\/v2\/users\/3"}],"replies":[{"embeddable":true,"href":"https:\/\/vocesdebaires.com.ar\/index.php\/wp-json\/wp\/v2\/comments?post=32729"}],"version-history":[{"count":1,"href":"https:\/\/vocesdebaires.com.ar\/index.php\/wp-json\/wp\/v2\/posts\/32729\/revisions"}],"predecessor-version":[{"id":32731,"href":"https:\/\/vocesdebaires.com.ar\/index.php\/wp-json\/wp\/v2\/posts\/32729\/revisions\/32731"}],"wp:featuredmedia":[{"embeddable":true,"href":"https:\/\/vocesdebaires.com.ar\/index.php\/wp-json\/wp\/v2\/media\/32730"}],"wp:attachment":[{"href":"https:\/\/vocesdebaires.com.ar\/index.php\/wp-json\/wp\/v2\/media?parent=32729"}],"wp:term":[{"taxonomy":"category","embeddable":true,"href":"https:\/\/vocesdebaires.com.ar\/index.php\/wp-json\/wp\/v2\/categories?post=32729"},{"taxonomy":"post_tag","embeddable":true,"href":"https:\/\/vocesdebaires.com.ar\/index.php\/wp-json\/wp\/v2\/tags?post=32729"}],"curies":[{"name":"wp","href":"https:\/\/api.w.org\/{rel}","templated":true}]}}