{"id":32753,"date":"2021-05-19T00:00:45","date_gmt":"2021-05-19T03:00:45","guid":{"rendered":"https:\/\/vocesdebaires.com.ar\/?p=32753"},"modified":"2021-05-18T22:50:37","modified_gmt":"2021-05-19T01:50:37","slug":"recoletacayeron-ladrones-que-intentaron-robar-departamentos","status":"publish","type":"post","link":"https:\/\/vocesdebaires.com.ar\/index.php\/2021\/05\/19\/recoletacayeron-ladrones-que-intentaron-robar-departamentos\/","title":{"rendered":"Recoleta:Cayeron ladrones que intentaron robar departamentos"},"content":{"rendered":"<p>El hecho ocurri\u00f3 por la tarde cuando efectivos de la Comisar\u00eda Vecinal 2B fueron alertados sobre \u201cpersonas extra\u00f1as\u201d en el interior de un edificio ubicado en Larrea al 1000. Cuando los agentes llegaron se encontraron con dos hombres en el interior del hall de ingreso, los cuales no pudieron justificar su presencia en el lugar. Con la presencia de testigos, el personal de la Polic\u00eda de la Ciudad encontr\u00f3 entre sus pertenencias una pinza, dos planchuelas de pl\u00e1stico usadas com\u00fanmente para abrir cerraduras, tel\u00e9fonos celulares y dinero en efectivo.<\/p>\n<p>Se constat\u00f3, adem\u00e1s, que las puertas de varios departamentos se encontraron violentadas y con desorden en su interior, los cuales fueron revueltos cuando los due\u00f1os no estaban en su interior.En la causa intervino la Fiscal\u00eda Criminal y Correccional N\u00b043, de la Dra. Russi, Secretar\u00eda a cargo de la Dra. Ram\u00edrez, que dispuso la detenci\u00f3n de los involucrados de 38 y 43 a\u00f1os por \u201ctentativa de robo bajo modalidad de escruche\u201d.<\/p>\n","protected":false},"excerpt":{"rendered":"<p>El hecho ocurri\u00f3 por la tarde cuando efectivos de la Comisar\u00eda Vecinal 2B fueron alertados sobre \u201cpersonas extra\u00f1as\u201d en el interior de un edificio ubicado en Larrea al 1000. Cuando los agentes llegaron se encontraron con dos hombres en el interior del hall de ingreso, los cuales no pudieron justificar su presencia en el lugar. [&hellip;]<\/p>\n","protected":false},"author":3,"featured_media":32754,"comment_status":"open","ping_status":"open","sticky":false,"template":"","format":"standard","meta":{"_et_pb_use_builder":"","_et_pb_old_content":"","_et_gb_content_width":"","footnotes":""},"categories":[11,32],"tags":[],"class_list":["post-32753","post","type-post","status-publish","format-standard","has-post-thumbnail","hentry","category-ciudad","category-comunas"],"_links":{"self":[{"href":"https:\/\/vocesdebaires.com.ar\/index.php\/wp-json\/wp\/v2\/posts\/32753"}],"collection":[{"href":"https:\/\/vocesdebaires.com.ar\/index.php\/wp-json\/wp\/v2\/posts"}],"about":[{"href":"https:\/\/vocesdebaires.com.ar\/index.php\/wp-json\/wp\/v2\/types\/post"}],"author":[{"embeddable":true,"href":"https:\/\/vocesdebaires.com.ar\/index.php\/wp-json\/wp\/v2\/users\/3"}],"replies":[{"embeddable":true,"href":"https:\/\/vocesdebaires.com.ar\/index.php\/wp-json\/wp\/v2\/comments?post=32753"}],"version-history":[{"count":1,"href":"https:\/\/vocesdebaires.com.ar\/index.php\/wp-json\/wp\/v2\/posts\/32753\/revisions"}],"predecessor-version":[{"id":32755,"href":"https:\/\/vocesdebaires.com.ar\/index.php\/wp-json\/wp\/v2\/posts\/32753\/revisions\/32755"}],"wp:featuredmedia":[{"embeddable":true,"href":"https:\/\/vocesdebaires.com.ar\/index.php\/wp-json\/wp\/v2\/media\/32754"}],"wp:attachment":[{"href":"https:\/\/vocesdebaires.com.ar\/index.php\/wp-json\/wp\/v2\/media?parent=32753"}],"wp:term":[{"taxonomy":"category","embeddable":true,"href":"https:\/\/vocesdebaires.com.ar\/index.php\/wp-json\/wp\/v2\/categories?post=32753"},{"taxonomy":"post_tag","embeddable":true,"href":"https:\/\/vocesdebaires.com.ar\/index.php\/wp-json\/wp\/v2\/tags?post=32753"}],"curies":[{"name":"wp","href":"https:\/\/api.w.org\/{rel}","templated":true}]}}