{"id":32791,"date":"2021-05-20T00:17:18","date_gmt":"2021-05-20T03:17:18","guid":{"rendered":"https:\/\/vocesdebaires.com.ar\/?p=32791"},"modified":"2021-05-20T00:17:18","modified_gmt":"2021-05-20T03:17:18","slug":"rodrigo-buenose-mudaron-400-familias-a-las-nuevas-viviendas","status":"publish","type":"post","link":"https:\/\/vocesdebaires.com.ar\/index.php\/2021\/05\/20\/rodrigo-buenose-mudaron-400-familias-a-las-nuevas-viviendas\/","title":{"rendered":"Rodrigo Bueno:Se mudaron 400 familias a las nuevas viviendas\u00a0\u00a0"},"content":{"rendered":"<p>Siguiendo los protocolos de seguridad e higiene para la prevenci\u00f3n del COVID-19, y gracias al trabajo en conjunto de los vecinos con el Ministerio de Desarrollo Humano y H\u00e1bitat y el Instituto de Vivienda de la Ciudad, continuaron las mudanzas de las familias del Barrio Rodrigo Bueno ubicado en la Comuna 1, sobre la Avenida Espa\u00f1a al 1800, en el extremo sur de la Reserva Ecol\u00f3gica. \u00abEl proyecto de integraci\u00f3n que llevamos adelante en Rodrigo Bueno, es el claro ejemplo del puente hacia el desarrollo que estamos construyendo junto a los vecinos y vecinas de los barrios populares.<\/p>\n<p>Con todos los cuidados, seguimos dando pasos concretos para que cada vez m\u00e1s vecinos y vecinas vivan mejor y desarrollen todo su potencial\u201d, afirm\u00f3 Maria Migliore, ministra de Desarrollo Humano y H\u00e1bitat de la Ciudad.La relocalizaci\u00f3n de las familias forma parte del proceso de integraci\u00f3n del Barrio Rodrigo Bueno impulsado por el Gobierno de la Ciudad de Buenos Aires, a partir de tres ejes principales: habitacional, urbano y socioecon\u00f3mico. Desde el inicio de este proceso se realiz\u00f3 la construcci\u00f3n de 611 viviendas, la mudanza de m\u00e1s de 400 familias y la apertura de 6 locales comerciales.<\/p>\n<p>\u201cCon mucho esfuerzo y trabajo en conjunto con los vecinos y vecinas del barrio, logramos avanzar con este proceso, para poder tener un barrio cada vez m\u00e1s integrado y m\u00e1s conectado con la ciudad\u201d destac\u00f3 el presidente del IVC, Gabriel Mraida. Las viviendas nuevas cuentan con calefones solares para reducir el consumo de energ\u00eda y lograr un aprovechamiento inteligente de los recursos naturales, buscando disminuir el impacto ambiental del asentamiento sobre el entorno y contribuir al acceso a soluciones habitacionales a las familias que habitan en \u00e9l.Los criterios para la adjudicaci\u00f3n de estas viviendas son definidos priorizando a las familias afectadas en el marco de las leyes del Proyecto Integral de Reurbanizaci\u00f3n y consensuados con los vecinos y vecinas a trav\u00e9s de las Mesas de Gesti\u00f3n Participativa.<\/p>\n<p>La integraci\u00f3n socio-urbana implica tambi\u00e9n la apertura de calles, la regularizaci\u00f3n dominial, el mejoramiento de las viviendas existentes, la construcci\u00f3n de equipamiento urbano y la intervenci\u00f3n en espacios p\u00fablicos. Estas obras permitir\u00e1n que m\u00e1s vecinos vivan mejor y en un barrio m\u00e1s conectado a la Ciudad. Analizando el potencial econ\u00f3mico del barrio, se impulsaron proyectos como el Patio Gastron\u00f3mico y la Vivera Org\u00e1nica Rodrigo Bueno, que combinan la identidad productiva barrial con el potencial tur\u00edstico de la zona.<\/p>\n<p>La integraci\u00f3n del Barrio Rodrigo Bueno, en n\u00fameros<br \/>\nHabitantes del barrio: 2600 familias (Censo 2017)<br \/>\nViviendas construidas: 611<br \/>\nMudanzas realizadas: 403<br \/>\nApertura de calles: 3 en ejecuci\u00f3n<\/p>\n","protected":false},"excerpt":{"rendered":"<p>Siguiendo los protocolos de seguridad e higiene para la prevenci\u00f3n del COVID-19, y gracias al trabajo en conjunto de los vecinos con el Ministerio de Desarrollo Humano y H\u00e1bitat y el Instituto de Vivienda de la Ciudad, continuaron las mudanzas de las familias del Barrio Rodrigo Bueno ubicado en la Comuna 1, sobre la Avenida [&hellip;]<\/p>\n","protected":false},"author":2,"featured_media":32792,"comment_status":"open","ping_status":"open","sticky":false,"template":"","format":"standard","meta":{"_et_pb_use_builder":"","_et_pb_old_content":"","_et_gb_content_width":"","footnotes":""},"categories":[11,32],"tags":[],"class_list":["post-32791","post","type-post","status-publish","format-standard","has-post-thumbnail","hentry","category-ciudad","category-comunas"],"_links":{"self":[{"href":"https:\/\/vocesdebaires.com.ar\/index.php\/wp-json\/wp\/v2\/posts\/32791"}],"collection":[{"href":"https:\/\/vocesdebaires.com.ar\/index.php\/wp-json\/wp\/v2\/posts"}],"about":[{"href":"https:\/\/vocesdebaires.com.ar\/index.php\/wp-json\/wp\/v2\/types\/post"}],"author":[{"embeddable":true,"href":"https:\/\/vocesdebaires.com.ar\/index.php\/wp-json\/wp\/v2\/users\/2"}],"replies":[{"embeddable":true,"href":"https:\/\/vocesdebaires.com.ar\/index.php\/wp-json\/wp\/v2\/comments?post=32791"}],"version-history":[{"count":1,"href":"https:\/\/vocesdebaires.com.ar\/index.php\/wp-json\/wp\/v2\/posts\/32791\/revisions"}],"predecessor-version":[{"id":32793,"href":"https:\/\/vocesdebaires.com.ar\/index.php\/wp-json\/wp\/v2\/posts\/32791\/revisions\/32793"}],"wp:featuredmedia":[{"embeddable":true,"href":"https:\/\/vocesdebaires.com.ar\/index.php\/wp-json\/wp\/v2\/media\/32792"}],"wp:attachment":[{"href":"https:\/\/vocesdebaires.com.ar\/index.php\/wp-json\/wp\/v2\/media?parent=32791"}],"wp:term":[{"taxonomy":"category","embeddable":true,"href":"https:\/\/vocesdebaires.com.ar\/index.php\/wp-json\/wp\/v2\/categories?post=32791"},{"taxonomy":"post_tag","embeddable":true,"href":"https:\/\/vocesdebaires.com.ar\/index.php\/wp-json\/wp\/v2\/tags?post=32791"}],"curies":[{"name":"wp","href":"https:\/\/api.w.org\/{rel}","templated":true}]}}