{"id":32796,"date":"2021-05-21T00:08:12","date_gmt":"2021-05-21T03:08:12","guid":{"rendered":"https:\/\/vocesdebaires.com.ar\/?p=32796"},"modified":"2021-05-21T00:08:12","modified_gmt":"2021-05-21T03:08:12","slug":"esta-semana-los-moviles-de-testeo-estaran-en-varias-comunas","status":"publish","type":"post","link":"https:\/\/vocesdebaires.com.ar\/index.php\/2021\/05\/21\/esta-semana-los-moviles-de-testeo-estaran-en-varias-comunas\/","title":{"rendered":"Esta semana los m\u00f3viles de testeo estar\u00e1n en varias comunas"},"content":{"rendered":"<p>Como ya se anunci\u00f3, la Ciudad reorganiz\u00f3 su estrategia de testeo para ampliar la cobertura territorial y llegar cada vez a m\u00e1s vecinos. Desde el martes 11 de mayo, las Unidades de Testeo M\u00f3vil ampliaron su horario y pasaron a funcionar de 10 a 18.30, con una capacidad para realizar 2.400 testeos diarios. Se trata de 15 camionetas especialmente acondicionadas para funcionar como dispositivos de testeo en todas las Comunas.<\/p>\n<p>Las 15 unidades se sumaron a los 27 DetectAr, a los Centros de Testeo y a las 18 Unidades Febriles de Urgencia de la Ciudad (UFU) para reforzar la estrategia de testeos y cortar la cadena de contagios. Con 66 dispositivos activos, ya se realizaron m\u00e1s de 3,3 millones de testeos en la Ciudad, con un promedio diario en los \u00faltimos 10 d\u00edas de 25.000, equivalente al 34 % sobre el total de testeos que se realizan por d\u00eda a nivel pa\u00eds, seg\u00fan el monitor de datos del Gobierno Nacional.<\/p>\n<p>Las Unidades de Testeo M\u00f3vil est\u00e1n destinadas a personas asintom\u00e1ticas que est\u00e9n en contacto con grupos de riesgo, como: cuidadores y cuidadoras de atenci\u00f3n en domicilios; encargados y encargadas de edificio; convivientes de personas mayores; personal de centros de personas jubiladas; y empleados y empleadas de servicios de proximidad como peluquer\u00eda, manicura, gastronom\u00eda, farmacias, etc.<\/p>\n<p>El test realizado es un ant\u00edgeno, a trav\u00e9s de un hisopado de nariz, que detecta las prote\u00ednas residuales del virus. Este tipo de test permite un an\u00e1lisis r\u00e1pido que arroja resultados en un lapso corto. La persona podr\u00e1 consultarlo entre las 12 y las 24 horas posteriores a la realizaci\u00f3n del test, enviando \u201cResultado Test\u201d al WhatsApp de la Ciudad (+54911) 5050-0147. En caso de resultar positivo vas a recibir un llamado telef\u00f3nico del personal de salud dentro de las 24 horas posteriores al testeo para poder indicar el procedimiento de aislamiento y cuidados necesarios.<\/p>\n","protected":false},"excerpt":{"rendered":"<p>Como ya se anunci\u00f3, la Ciudad reorganiz\u00f3 su estrategia de testeo para ampliar la cobertura territorial y llegar cada vez a m\u00e1s vecinos. Desde el martes 11 de mayo, las Unidades de Testeo M\u00f3vil ampliaron su horario y pasaron a funcionar de 10 a 18.30, con una capacidad para realizar 2.400 testeos diarios. Se trata [&hellip;]<\/p>\n","protected":false},"author":3,"featured_media":32647,"comment_status":"open","ping_status":"open","sticky":false,"template":"","format":"standard","meta":{"_et_pb_use_builder":"","_et_pb_old_content":"","_et_gb_content_width":"","footnotes":""},"categories":[32,33],"tags":[],"class_list":["post-32796","post","type-post","status-publish","format-standard","has-post-thumbnail","hentry","category-comunas","category-sociedad-y-cultura-2"],"_links":{"self":[{"href":"https:\/\/vocesdebaires.com.ar\/index.php\/wp-json\/wp\/v2\/posts\/32796"}],"collection":[{"href":"https:\/\/vocesdebaires.com.ar\/index.php\/wp-json\/wp\/v2\/posts"}],"about":[{"href":"https:\/\/vocesdebaires.com.ar\/index.php\/wp-json\/wp\/v2\/types\/post"}],"author":[{"embeddable":true,"href":"https:\/\/vocesdebaires.com.ar\/index.php\/wp-json\/wp\/v2\/users\/3"}],"replies":[{"embeddable":true,"href":"https:\/\/vocesdebaires.com.ar\/index.php\/wp-json\/wp\/v2\/comments?post=32796"}],"version-history":[{"count":1,"href":"https:\/\/vocesdebaires.com.ar\/index.php\/wp-json\/wp\/v2\/posts\/32796\/revisions"}],"predecessor-version":[{"id":32797,"href":"https:\/\/vocesdebaires.com.ar\/index.php\/wp-json\/wp\/v2\/posts\/32796\/revisions\/32797"}],"wp:featuredmedia":[{"embeddable":true,"href":"https:\/\/vocesdebaires.com.ar\/index.php\/wp-json\/wp\/v2\/media\/32647"}],"wp:attachment":[{"href":"https:\/\/vocesdebaires.com.ar\/index.php\/wp-json\/wp\/v2\/media?parent=32796"}],"wp:term":[{"taxonomy":"category","embeddable":true,"href":"https:\/\/vocesdebaires.com.ar\/index.php\/wp-json\/wp\/v2\/categories?post=32796"},{"taxonomy":"post_tag","embeddable":true,"href":"https:\/\/vocesdebaires.com.ar\/index.php\/wp-json\/wp\/v2\/tags?post=32796"}],"curies":[{"name":"wp","href":"https:\/\/api.w.org\/{rel}","templated":true}]}}