{"id":32805,"date":"2021-05-21T00:22:44","date_gmt":"2021-05-21T03:22:44","guid":{"rendered":"https:\/\/vocesdebaires.com.ar\/?p=32805"},"modified":"2021-05-21T00:22:44","modified_gmt":"2021-05-21T03:22:44","slug":"avanza-la-economia-popular-y-social-en-la-ciudad","status":"publish","type":"post","link":"https:\/\/vocesdebaires.com.ar\/index.php\/2021\/05\/21\/avanza-la-economia-popular-y-social-en-la-ciudad\/","title":{"rendered":"Avanza la econom\u00eda popular y social en la Ciudad"},"content":{"rendered":"<p>Con la participaci\u00f3n de 106 ejecutivos de 72 empresas -con certificaci\u00f3n de Empresa B o en proceso de certificaci\u00f3n- y 16 Unidades Productivas de la econom\u00eda social de la Ciudad de Buenos Aires, se realiz\u00f3 la primera \u201cRonda de Negocios\u201d organizada por el Ministerio de Desarrollo Humano y H\u00e1bitat porte\u00f1o y Sistema B Argentina. El encuentro tuvo dos objetivos muy concretos. El primero, promover el di\u00e1logo entre ambos sectores para generar compras inclusivas. El segundo, exhibir las propuestas del Ministerio de Desarrollo Humano para capacitaci\u00f3n, la ley de pr\u00e1cticas formativas y la bolsa de empleo e intermediaci\u00f3n para los sectores populares.<\/p>\n<p>\u201cUno de los focos centrales de nuestra gesti\u00f3n es construir puentes entre la econom\u00eda social y popular y el sector privado, generando espacios para que ambos sectores puedan encontrarse y construir alianzas din\u00e1micas y estrat\u00e9gicas\u201d, afirm\u00f3 Mar\u00eda Migliore, Ministra de Desarrollo Humano y H\u00e1bitat porte\u00f1a. \u201cEspacios como este son clave para establecer nuevas din\u00e1micas productivas y generar nuevos marcos para que la econom\u00eda social y popular pueda desarrollar todo su potencial e integrarse al ecosistema productivo de la Ciudad\u201d, concluy\u00f3 Migliore.<\/p>\n<p>Del encuentro participaron ejecutivos de empresas como Grupo Mitre, Mercado libre, Danone, Unilever, Banco Galicia, Farmacity, Microsoft, Accenture, Loma Negra y Limpiolux, entre otras. Por el lado de las Unidades Productivas, participaron Cooperativa de Trabajo San Cayetano Ltda, Enredo Cooperativa Textil de Mujeres, Cooperativa De Trabajo La Ciudad Ltda, Cooperativa De Trabajo La Litorale\u00f1a Ltda, Cooperativa De Trabajo Librer\u00eda Del Profesional, Cooperativa De Trabajo Gr\u00e1fica Del Pueblo, Vivera Org\u00e1nica de Rodrigo Bueno, Recoveco, Fletes 31, entre otras.<\/p>\n<p>\u201cEs fundamental este proyecto de integraci\u00f3n socioecon\u00f3mica porque nos da la oportunidad de que el sector privado sea un actor clave en el desarrollo de la econom\u00eda social y popular y que promueva una sociedad m\u00e1s equitativa desde los negocios y los mercados. Desde Sistema B en la alianza con el ministerio trabajamos siendo puente en esta articulaci\u00f3n promoviendo mayor impacto social e invitando a nuestra comunidad se sume a la integraci\u00f3n\u201d, manifest\u00f3 Francisco Murray, Director Ejecutivo de Sistema B.<\/p>\n<p><strong>Encuentro de Integraci\u00f3n Socioecon\u00f3mica<\/strong><br \/>\nEn cuanto a la din\u00e1mica del encuentro, por un lado, se llev\u00f3 adelante una \u201cMesa Compras\u201d, donde se present\u00f3 el Protocolo de Compras de Sistema B y la Consultora Del Mate, y el Programa de Compras Sustentables del Ministerio de Desarrollo Humano y H\u00e1bitat. La idea de la mesa fue que, a trav\u00e9s de distintas salas virtuales, ejecutivos de compras y abastecimiento del sector demandante (empresas) expusieron cu\u00e1les son sus necesidades y requerimientos, y el sector ofertante (unidades productivas), cont\u00f3 sus trayectorias, c\u00f3mo se conformaron sus proyectos y exhibieron sus productos. Por otro lado, se trabaj\u00f3 en la \u201cMesa Empleabilidad\u201d: all\u00ed la Subsecretar\u00eda de Desarrollo del Potencial Humano explic\u00f3 las distintas herramientas que lleva adelante, los ejecutivos de recursos humanos de distintas empresas detallaron sus buenas pr\u00e1cticas y casos de \u00e9xito en la contrataci\u00f3n de personas que provienen de barrios populares.<\/p>\n<p>Durante la Jornada, Miguel Ippolito, director del Grupo Mitre, present\u00f3 un caso de \u00e9xito. \u201cMe parece s\u00faper importante participar de estos encuentros porque nos permite la posibilidad de contar lo que hacemos y c\u00f3mo lo hacemos a trav\u00e9s de fomentar el componente social. Es clave dar testimonio para que otros actores puedan compartir tambi\u00e9n sus experiencias y as\u00ed a trav\u00e9s del empleo y el desarrollo de emprendimientos se de un verdadero desarrollo sostenible y escalable en la integraci\u00f3n. Quer\u00edamos exponerlo a otros actores del mercado para que vean que esto es posible y a nosotros nos genera valor\u201d, puntualiz\u00f3 el ejecutivo.<\/p>\n<p>\u201cDesde en Buenas Manos celebramos y agradecemos la generaci\u00f3n de un espacio en el que las organizaciones sociales puedan presentarse en un \u00e1mbito empresarial y profesional en el que habitualmente no tienen la oportunidad. Estoy convencida de que ning\u00fan impacto es posible sin crear sinergia y comunidad y en esta comunidad deben converger todos los actores: las empresas tradicionales, las empresas de triple impacto, las organizaciones sociales y el estado\u201d destac\u00f3 Ayelen Assis, Directora Ejecutiva de Cooperativa En Buenas Manos.<\/p>\n<p><strong>Una ley para potenciar la econom\u00eda social<\/strong><br \/>\nLa Ronda de Negocios entre empresas y cooperativas de la Ciudad se enmarca en la Ley de Promoci\u00f3n de la Econom\u00eda Social y Popular sancionada por la Legislatura porte\u00f1a en diciembre de 2020. La iniciativa es impulsada por el Ministerio de Desarrollo Humano y H\u00e1bitat de la Ciudad y que busca generar m\u00e1s y mejores oportunidades de trabajo para 500 mil porte\u00f1as y porte\u00f1os. Establece incentivos para que los sectores de la econom\u00eda popular puedan acceder al cr\u00e9dito, participar de las compras p\u00fablicas, y mediante beneficios impositivos, iniciar su camino hacia la formalizaci\u00f3n.<\/p>\n","protected":false},"excerpt":{"rendered":"<p>Con la participaci\u00f3n de 106 ejecutivos de 72 empresas -con certificaci\u00f3n de Empresa B o en proceso de certificaci\u00f3n- y 16 Unidades Productivas de la econom\u00eda social de la Ciudad de Buenos Aires, se realiz\u00f3 la primera \u201cRonda de Negocios\u201d organizada por el Ministerio de Desarrollo Humano y H\u00e1bitat porte\u00f1o y Sistema B Argentina. El [&hellip;]<\/p>\n","protected":false},"author":2,"featured_media":32806,"comment_status":"open","ping_status":"open","sticky":false,"template":"","format":"standard","meta":{"_et_pb_use_builder":"","_et_pb_old_content":"","_et_gb_content_width":"","footnotes":""},"categories":[32,33],"tags":[],"class_list":["post-32805","post","type-post","status-publish","format-standard","has-post-thumbnail","hentry","category-comunas","category-sociedad-y-cultura-2"],"_links":{"self":[{"href":"https:\/\/vocesdebaires.com.ar\/index.php\/wp-json\/wp\/v2\/posts\/32805"}],"collection":[{"href":"https:\/\/vocesdebaires.com.ar\/index.php\/wp-json\/wp\/v2\/posts"}],"about":[{"href":"https:\/\/vocesdebaires.com.ar\/index.php\/wp-json\/wp\/v2\/types\/post"}],"author":[{"embeddable":true,"href":"https:\/\/vocesdebaires.com.ar\/index.php\/wp-json\/wp\/v2\/users\/2"}],"replies":[{"embeddable":true,"href":"https:\/\/vocesdebaires.com.ar\/index.php\/wp-json\/wp\/v2\/comments?post=32805"}],"version-history":[{"count":1,"href":"https:\/\/vocesdebaires.com.ar\/index.php\/wp-json\/wp\/v2\/posts\/32805\/revisions"}],"predecessor-version":[{"id":32807,"href":"https:\/\/vocesdebaires.com.ar\/index.php\/wp-json\/wp\/v2\/posts\/32805\/revisions\/32807"}],"wp:featuredmedia":[{"embeddable":true,"href":"https:\/\/vocesdebaires.com.ar\/index.php\/wp-json\/wp\/v2\/media\/32806"}],"wp:attachment":[{"href":"https:\/\/vocesdebaires.com.ar\/index.php\/wp-json\/wp\/v2\/media?parent=32805"}],"wp:term":[{"taxonomy":"category","embeddable":true,"href":"https:\/\/vocesdebaires.com.ar\/index.php\/wp-json\/wp\/v2\/categories?post=32805"},{"taxonomy":"post_tag","embeddable":true,"href":"https:\/\/vocesdebaires.com.ar\/index.php\/wp-json\/wp\/v2\/tags?post=32805"}],"curies":[{"name":"wp","href":"https:\/\/api.w.org\/{rel}","templated":true}]}}