{"id":32811,"date":"2021-05-24T15:32:14","date_gmt":"2021-05-24T18:32:14","guid":{"rendered":"https:\/\/vocesdebaires.com.ar\/?p=32811"},"modified":"2021-05-24T15:32:14","modified_gmt":"2021-05-24T18:32:14","slug":"ciudad5-000-empleados-repartieron-folletos-sobre-las-nuevas-medidas","status":"publish","type":"post","link":"https:\/\/vocesdebaires.com.ar\/index.php\/2021\/05\/24\/ciudad5-000-empleados-repartieron-folletos-sobre-las-nuevas-medidas\/","title":{"rendered":"Ciudad:5.000 empleados repartieron folletos sobre las nuevas medidas"},"content":{"rendered":"<p>M\u00e1s de 5.000 personas de todos los ministerios, secretar\u00edas y comunas del Gobierno de la Ciudad y personal de la Legislatura porte\u00f1a salieron a la calle en las \u00faltimas horas a entregar el nuevo protocolo de prevenci\u00f3n contra el covid19 en los m\u00e1s de 40.000 edificios que hay en Buenos Aires. Esta acci\u00f3n busca concientizar, en cada consorcio de la Ciudad, para el cumplimiento de las normas de protecci\u00f3n contra el coronavirus, como la suspensi\u00f3n de encuentros sociales en unidades funcionales, el cierre de espacios comunes cubiertos como SUM, gimnasios y parrillas; la restricci\u00f3n de ingreso de personas ajenas al edificio que no vayan a cumplir una tarea espec\u00edfica y la realizaci\u00f3n de asambleas virtuales. En caso de incumplimiento, los vecinos pueden comunicarse a la l\u00ednea 911 y hacer la denuncia.<\/p>\n","protected":false},"excerpt":{"rendered":"<p>M\u00e1s de 5.000 personas de todos los ministerios, secretar\u00edas y comunas del Gobierno de la Ciudad y personal de la Legislatura porte\u00f1a salieron a la calle en las \u00faltimas horas a entregar el nuevo protocolo de prevenci\u00f3n contra el covid19 en los m\u00e1s de 40.000 edificios que hay en Buenos Aires. Esta acci\u00f3n busca concientizar, [&hellip;]<\/p>\n","protected":false},"author":3,"featured_media":32812,"comment_status":"open","ping_status":"open","sticky":false,"template":"","format":"standard","meta":{"_et_pb_use_builder":"","_et_pb_old_content":"","_et_gb_content_width":"","footnotes":""},"categories":[32,33],"tags":[],"class_list":["post-32811","post","type-post","status-publish","format-standard","has-post-thumbnail","hentry","category-comunas","category-sociedad-y-cultura-2"],"_links":{"self":[{"href":"https:\/\/vocesdebaires.com.ar\/index.php\/wp-json\/wp\/v2\/posts\/32811"}],"collection":[{"href":"https:\/\/vocesdebaires.com.ar\/index.php\/wp-json\/wp\/v2\/posts"}],"about":[{"href":"https:\/\/vocesdebaires.com.ar\/index.php\/wp-json\/wp\/v2\/types\/post"}],"author":[{"embeddable":true,"href":"https:\/\/vocesdebaires.com.ar\/index.php\/wp-json\/wp\/v2\/users\/3"}],"replies":[{"embeddable":true,"href":"https:\/\/vocesdebaires.com.ar\/index.php\/wp-json\/wp\/v2\/comments?post=32811"}],"version-history":[{"count":1,"href":"https:\/\/vocesdebaires.com.ar\/index.php\/wp-json\/wp\/v2\/posts\/32811\/revisions"}],"predecessor-version":[{"id":32813,"href":"https:\/\/vocesdebaires.com.ar\/index.php\/wp-json\/wp\/v2\/posts\/32811\/revisions\/32813"}],"wp:featuredmedia":[{"embeddable":true,"href":"https:\/\/vocesdebaires.com.ar\/index.php\/wp-json\/wp\/v2\/media\/32812"}],"wp:attachment":[{"href":"https:\/\/vocesdebaires.com.ar\/index.php\/wp-json\/wp\/v2\/media?parent=32811"}],"wp:term":[{"taxonomy":"category","embeddable":true,"href":"https:\/\/vocesdebaires.com.ar\/index.php\/wp-json\/wp\/v2\/categories?post=32811"},{"taxonomy":"post_tag","embeddable":true,"href":"https:\/\/vocesdebaires.com.ar\/index.php\/wp-json\/wp\/v2\/tags?post=32811"}],"curies":[{"name":"wp","href":"https:\/\/api.w.org\/{rel}","templated":true}]}}