{"id":32817,"date":"2021-05-24T15:38:25","date_gmt":"2021-05-24T18:38:25","guid":{"rendered":"https:\/\/vocesdebaires.com.ar\/?p=32817"},"modified":"2021-05-24T15:39:29","modified_gmt":"2021-05-24T18:39:29","slug":"galeria-de-liniers-inspeccion-una-detenida-y-1800-prendas-secuestradas","status":"publish","type":"post","link":"https:\/\/vocesdebaires.com.ar\/index.php\/2021\/05\/24\/galeria-de-liniers-inspeccion-una-detenida-y-1800-prendas-secuestradas\/","title":{"rendered":"Galer\u00eda de Liniers: Inspecci\u00f3n una detenida y 1800 prendas secuestradas"},"content":{"rendered":"<p>Personal del Departamento Contravenciones y Faltas, Divisi\u00f3n Operaciones Especiales Requeridas por el Ministerio P\u00fablico de la Superintendencia de Investigaciones de la Polic\u00eda de la Ciudad llev\u00f3 a cabo una inspecci\u00f3n por infracci\u00f3n a la Ley 22.362 de Marcas y a la 11.723 de Propiedad Intelectual en una galer\u00eda ubicada sobre la calle Jos\u00e9 Le\u00f3n Su\u00e1rez al 100.\u00a0 Del operativo participaron adem\u00e1s representantes de la Agencia Gubernamental de Control (AGC), de Seguridad e Higiene y Normativa Laboral, de la Unidad Operativa de Fiscalizaci\u00f3n Integral (UOFI), de la Direcci\u00f3n General de Fiscalizaci\u00f3n y Control (DGFYC) y de la Direcci\u00f3n General de Coordinaci\u00f3n Operativa, dependiente de la Secretar\u00eda de Justicia y Seguridad.\u00a0 Al llegar al lugar, los efectivos constataron que ocho de los locales se dedicaban a la venta de indumentaria de marcas falsificadas de Nike, Adidas, Vans, Kenzo, Phillip Plein, Hollister, Lacoste, Jordan, Tommy, Fila, Reebok, Levis, Versace, Gucci, New Balance y Chanel.<\/p>\n<p>En total, se incautaron 1.800 prendas, que su valor en el mercado llega a los 2,5 millones de pesos. Por este motivo se dispuso la detenci\u00f3n de una mujer de nacionalidad de peruana , de 47 a\u00f1os, y adem\u00e1s ocho personas fueron imputadas por infracci\u00f3n a la Ley de Marcas. El Juzgado Nacional en lo Criminal y Correccional Federal N\u00famero 9, a cargo del doctor Rodr\u00edguez y ante la Secretar\u00eda 17, dispuso el secuestro de todo el material encontrado como tambi\u00e9n la clausura de los comercios por parte de la Agencia Gubernamental de Control (AGC).<\/p>\n","protected":false},"excerpt":{"rendered":"<p>Personal del Departamento Contravenciones y Faltas, Divisi\u00f3n Operaciones Especiales Requeridas por el Ministerio P\u00fablico de la Superintendencia de Investigaciones de la Polic\u00eda de la Ciudad llev\u00f3 a cabo una inspecci\u00f3n por infracci\u00f3n a la Ley 22.362 de Marcas y a la 11.723 de Propiedad Intelectual en una galer\u00eda ubicada sobre la calle Jos\u00e9 Le\u00f3n Su\u00e1rez [&hellip;]<\/p>\n","protected":false},"author":3,"featured_media":32818,"comment_status":"open","ping_status":"open","sticky":false,"template":"","format":"standard","meta":{"_et_pb_use_builder":"","_et_pb_old_content":"","_et_gb_content_width":"","footnotes":""},"categories":[11,32],"tags":[],"class_list":["post-32817","post","type-post","status-publish","format-standard","has-post-thumbnail","hentry","category-ciudad","category-comunas"],"_links":{"self":[{"href":"https:\/\/vocesdebaires.com.ar\/index.php\/wp-json\/wp\/v2\/posts\/32817"}],"collection":[{"href":"https:\/\/vocesdebaires.com.ar\/index.php\/wp-json\/wp\/v2\/posts"}],"about":[{"href":"https:\/\/vocesdebaires.com.ar\/index.php\/wp-json\/wp\/v2\/types\/post"}],"author":[{"embeddable":true,"href":"https:\/\/vocesdebaires.com.ar\/index.php\/wp-json\/wp\/v2\/users\/3"}],"replies":[{"embeddable":true,"href":"https:\/\/vocesdebaires.com.ar\/index.php\/wp-json\/wp\/v2\/comments?post=32817"}],"version-history":[{"count":1,"href":"https:\/\/vocesdebaires.com.ar\/index.php\/wp-json\/wp\/v2\/posts\/32817\/revisions"}],"predecessor-version":[{"id":32819,"href":"https:\/\/vocesdebaires.com.ar\/index.php\/wp-json\/wp\/v2\/posts\/32817\/revisions\/32819"}],"wp:featuredmedia":[{"embeddable":true,"href":"https:\/\/vocesdebaires.com.ar\/index.php\/wp-json\/wp\/v2\/media\/32818"}],"wp:attachment":[{"href":"https:\/\/vocesdebaires.com.ar\/index.php\/wp-json\/wp\/v2\/media?parent=32817"}],"wp:term":[{"taxonomy":"category","embeddable":true,"href":"https:\/\/vocesdebaires.com.ar\/index.php\/wp-json\/wp\/v2\/categories?post=32817"},{"taxonomy":"post_tag","embeddable":true,"href":"https:\/\/vocesdebaires.com.ar\/index.php\/wp-json\/wp\/v2\/tags?post=32817"}],"curies":[{"name":"wp","href":"https:\/\/api.w.org\/{rel}","templated":true}]}}