{"id":32828,"date":"2021-05-24T15:49:30","date_gmt":"2021-05-24T18:49:30","guid":{"rendered":"https:\/\/vocesdebaires.com.ar\/?p=32828"},"modified":"2021-05-24T16:04:15","modified_gmt":"2021-05-24T19:04:15","slug":"ciudad-portena-incautan-mas-de-180-autopartes-ilegales","status":"publish","type":"post","link":"https:\/\/vocesdebaires.com.ar\/index.php\/2021\/05\/24\/ciudad-portena-incautan-mas-de-180-autopartes-ilegales\/","title":{"rendered":"Ciudad porte\u00f1a: Incautan m\u00e1s de 180 autopartes ilegales"},"content":{"rendered":"<p>Una investigaci\u00f3n la Divisi\u00f3n Sustracci\u00f3n de Automotores, dependiente del Departamento Delitos Contra la Propiedad, de la Polic\u00eda de la Ciudad determin\u00f3 que en un taller mec\u00e1nico ubicado en Mu\u00f1ecas al 900, del barrio de Villa Crespo, en el llamado Corredor Warnes, se habr\u00edan estado acopiando autopartes para ser vendidas ilegalmente como repuestos, que provendr\u00edan del mercado negro.<\/p>\n<p>Ante ello la Fiscal\u00eda en lo Penal, Contravencional y de Faltas 5, a cargo del Dr. Miguel \u00c1ngel Ram\u00f3n Kessler, solicit\u00f3 el allanamiento, al que hizo lugar el Juzgado 20 del mismo fuero, a cargo de la Dra. Mar\u00eda Luisa Escrich. El procedimiento, hecho por Sustracci\u00f3n de Automotores, tuvo la cooperaci\u00f3n de personal del Programa de Lucha contra la Comercializaci\u00f3n de Autopartes Ilegales, de la Subsecretar\u00eda de Seguridad Ciudadana.<\/p>\n<p>En el operativo fueron secuestrados 15 cig\u00fce\u00f1ales; 20 amortiguadores; 30 \u00f3pticas; tres paragolpes; cinco guardabarros; tres capot; tres portones traseros; 24 cubiertas; 17 tapas de cilindros; 42 espejos el\u00e9ctricos; 14 llantas; ocho ruedas completas y un block de motor, trat\u00e1ndose de piezas usadas sin su correspondiente respaldo legal. El titular del taller luego de ser identificado fue imputado de la causa por la tenencia de las autopartes que fueron decomisadas.<\/p>\n","protected":false},"excerpt":{"rendered":"<p>Una investigaci\u00f3n la Divisi\u00f3n Sustracci\u00f3n de Automotores, dependiente del Departamento Delitos Contra la Propiedad, de la Polic\u00eda de la Ciudad determin\u00f3 que en un taller mec\u00e1nico ubicado en Mu\u00f1ecas al 900, del barrio de Villa Crespo, en el llamado Corredor Warnes, se habr\u00edan estado acopiando autopartes para ser vendidas ilegalmente como repuestos, que provendr\u00edan del [&hellip;]<\/p>\n","protected":false},"author":2,"featured_media":32838,"comment_status":"open","ping_status":"open","sticky":false,"template":"","format":"standard","meta":{"_et_pb_use_builder":"","_et_pb_old_content":"","_et_gb_content_width":"","footnotes":""},"categories":[32,33],"tags":[],"class_list":["post-32828","post","type-post","status-publish","format-standard","has-post-thumbnail","hentry","category-comunas","category-sociedad-y-cultura-2"],"_links":{"self":[{"href":"https:\/\/vocesdebaires.com.ar\/index.php\/wp-json\/wp\/v2\/posts\/32828"}],"collection":[{"href":"https:\/\/vocesdebaires.com.ar\/index.php\/wp-json\/wp\/v2\/posts"}],"about":[{"href":"https:\/\/vocesdebaires.com.ar\/index.php\/wp-json\/wp\/v2\/types\/post"}],"author":[{"embeddable":true,"href":"https:\/\/vocesdebaires.com.ar\/index.php\/wp-json\/wp\/v2\/users\/2"}],"replies":[{"embeddable":true,"href":"https:\/\/vocesdebaires.com.ar\/index.php\/wp-json\/wp\/v2\/comments?post=32828"}],"version-history":[{"count":1,"href":"https:\/\/vocesdebaires.com.ar\/index.php\/wp-json\/wp\/v2\/posts\/32828\/revisions"}],"predecessor-version":[{"id":32830,"href":"https:\/\/vocesdebaires.com.ar\/index.php\/wp-json\/wp\/v2\/posts\/32828\/revisions\/32830"}],"wp:featuredmedia":[{"embeddable":true,"href":"https:\/\/vocesdebaires.com.ar\/index.php\/wp-json\/wp\/v2\/media\/32838"}],"wp:attachment":[{"href":"https:\/\/vocesdebaires.com.ar\/index.php\/wp-json\/wp\/v2\/media?parent=32828"}],"wp:term":[{"taxonomy":"category","embeddable":true,"href":"https:\/\/vocesdebaires.com.ar\/index.php\/wp-json\/wp\/v2\/categories?post=32828"},{"taxonomy":"post_tag","embeddable":true,"href":"https:\/\/vocesdebaires.com.ar\/index.php\/wp-json\/wp\/v2\/tags?post=32828"}],"curies":[{"name":"wp","href":"https:\/\/api.w.org\/{rel}","templated":true}]}}