{"id":329,"date":"2021-01-05T03:00:00","date_gmt":"2021-01-05T06:00:00","guid":{"rendered":"http:\/\/vocesdebaires.com.ar\/wordpress\/index.php\/2021\/01\/05\/larreta-y-santilli-visitaron-la-comisaria-comunal-1\/"},"modified":"2021-01-05T03:00:00","modified_gmt":"2021-01-05T06:00:00","slug":"larreta-y-santilli-visitaron-la-comisaria-comunal-1","status":"publish","type":"post","link":"https:\/\/vocesdebaires.com.ar\/index.php\/2021\/01\/05\/larreta-y-santilli-visitaron-la-comisaria-comunal-1\/","title":{"rendered":"Larreta y Santilli visitaron la Comisar\u00eda Comunal 1"},"content":{"rendered":"<p>El jefe de Gobierno porte\u00f1o, Horacio Rodr\u00edguez Larreta, acompa\u00f1ado por el vicejefe a cargo del Ministerio de Justicia y Seguridad, Diego Santilli, visit\u00f3 la Comisar\u00eda Comunal 1 para agradecer al equipo de polic\u00edas por el compromiso y la responsabilidad con que trabajaron este a\u00f1o, especialmente durante la pandemia. Adem\u00e1s, salud\u00f3 a los agentes por las fiestas.<\/p>\n","protected":false},"excerpt":{"rendered":"<p>El jefe de Gobierno porte\u00f1o, Horacio Rodr\u00edguez Larreta, acompa\u00f1ado por el vicejefe a cargo del Ministerio de Justicia y Seguridad, Diego Santilli, visit\u00f3 la Comisar\u00eda Comunal 1 para agradecer al equipo de polic\u00edas por el compromiso y la responsabilidad con que trabajaron este a\u00f1o, especialmente durante la pandemia. Adem\u00e1s, salud\u00f3 a los agentes por las [&hellip;]<\/p>\n","protected":false},"author":1,"featured_media":330,"comment_status":"open","ping_status":"open","sticky":false,"template":"","format":"standard","meta":{"_et_pb_use_builder":"","_et_pb_old_content":"","_et_gb_content_width":"","footnotes":""},"categories":[11,32],"tags":[],"class_list":["post-329","post","type-post","status-publish","format-standard","has-post-thumbnail","hentry","category-ciudad","category-comunas"],"_links":{"self":[{"href":"https:\/\/vocesdebaires.com.ar\/index.php\/wp-json\/wp\/v2\/posts\/329"}],"collection":[{"href":"https:\/\/vocesdebaires.com.ar\/index.php\/wp-json\/wp\/v2\/posts"}],"about":[{"href":"https:\/\/vocesdebaires.com.ar\/index.php\/wp-json\/wp\/v2\/types\/post"}],"author":[{"embeddable":true,"href":"https:\/\/vocesdebaires.com.ar\/index.php\/wp-json\/wp\/v2\/users\/1"}],"replies":[{"embeddable":true,"href":"https:\/\/vocesdebaires.com.ar\/index.php\/wp-json\/wp\/v2\/comments?post=329"}],"version-history":[{"count":0,"href":"https:\/\/vocesdebaires.com.ar\/index.php\/wp-json\/wp\/v2\/posts\/329\/revisions"}],"wp:featuredmedia":[{"embeddable":true,"href":"https:\/\/vocesdebaires.com.ar\/index.php\/wp-json\/wp\/v2\/media\/330"}],"wp:attachment":[{"href":"https:\/\/vocesdebaires.com.ar\/index.php\/wp-json\/wp\/v2\/media?parent=329"}],"wp:term":[{"taxonomy":"category","embeddable":true,"href":"https:\/\/vocesdebaires.com.ar\/index.php\/wp-json\/wp\/v2\/categories?post=329"},{"taxonomy":"post_tag","embeddable":true,"href":"https:\/\/vocesdebaires.com.ar\/index.php\/wp-json\/wp\/v2\/tags?post=329"}],"curies":[{"name":"wp","href":"https:\/\/api.w.org\/{rel}","templated":true}]}}