{"id":3296,"date":"2019-04-08T03:00:00","date_gmt":"2019-04-08T06:00:00","guid":{"rendered":"http:\/\/vocesdebaires.com.ar\/wordpress\/index.php\/2019\/04\/08\/jornada-de-concientizacion-sobre-autismo\/"},"modified":"2019-04-08T03:00:00","modified_gmt":"2019-04-08T06:00:00","slug":"jornada-de-concientizacion-sobre-autismo","status":"publish","type":"post","link":"https:\/\/vocesdebaires.com.ar\/index.php\/2019\/04\/08\/jornada-de-concientizacion-sobre-autismo\/","title":{"rendered":"Jornada de concientizaci\u00f3n sobre autismo"},"content":{"rendered":"<p>En conmemoraci\u00f3n del D\u00eda Mundial de la Concientizaci\u00f3n sobre el Autismo, que se celebra cada 2 de abril, se llev\u00f3 a cabo el pasado viernes, un nuevo ciclo de Jornadas Bio Abordajes del Autismo 2019,: &quot;En el mes de concientizaci\u00f3n por el Autismo: Miremos Diferente&quot; con el objetivo de dar a conocer diferentes perspectivas sobre los tratamientos dirigidos a personas con autismo y s\u00edndromes relacionados.<\/p>\n<p>La legisladora Patricia Vischi (E), impulsora de la realizaci\u00f3n del evento y de variados proyectos relacionados con el tema, realiz\u00f3 el cierre del evento y asegur\u00f3 que desde su lugar &quot;continuar\u00e1 trabajando fuertemente con lo necesario para seguir concientizando sobre el trastorno&quot;. A lo largo del encuentro especialistas en la tem\u00e1tica participaron de paneles que presentaron temas como &quot;Nutrici\u00f3n biomedica para personas con Trastorno del Espectro Autista -TEA- y s\u00edndromes relacionados&quot;, &quot;Cannabis medicinal. Situaci\u00f3n actual en el pa\u00eds&quot; y &quot;Tratamiento y apoyos para personas con TEA: del expert\u00edsimo al empoderamiento familiar&quot;.<\/p>\n<p>La Fundaci\u00f3n Bio Abordajes del Autismo brinda ayuda, contenci\u00f3n, asesoramiento y procura dar a conocer por qu\u00e9 es tan importante tomar conciencia, tener un diagn\u00f3stico precoz para ofrecerles a los ni\u00f1os una mejor calidad de vida, tratarlos m\u00e9dica y terap\u00e9uticamente, como as\u00ed tambi\u00e9n alimentarlos y nutrirlos eficientemente. El TEA es un trastorno neurobiol\u00f3gico del desarrollo que ya se manifiesta durante los tres primeros a\u00f1os de vida y que perdurar\u00e1 a lo largo de todo el ciclo vital. Los s\u00edntomas fundamentales son dos: deficiencias persistentes en la comunicaci\u00f3n y en la interacci\u00f3n social, y patrones restrictivos y repetitivos de comportamiento, intereses o actividades.<\/p>\n<p>El objetivo del D\u00eda Mundial de la Concientizaci\u00f3n del Autismo reside en dar a conocer y tomar conciencia de los m\u00e9todos, tratamientos, terapias, protocolos y procedimientos que se pueden brindar a personas y familias que se ven atravesadas por los trastornos del espectro autista. Tanto en nuestro pa\u00eds como mundialmente el autismo est\u00e1 teniendo un crecimiento exponencial, hoy 1 de 48 nacimientos ingresa en el espectro autista y si bien a\u00fan no tiene cura, es absolutamente tratable. Cabe destacar que en la \u00faltima Sesi\u00f3n Ordinaria los legisladores aprobaron diversos proyectos relacionados con el autismo como el Sistema de detecci\u00f3n temprana del trastorno autista, la adhesi\u00f3n a los actos conmemorativos de la fecha y distinciones a una asociaci\u00f3n y un libro dedicados al tema.<\/p>\n","protected":false},"excerpt":{"rendered":"<p>En conmemoraci\u00f3n del D\u00eda Mundial de la Concientizaci\u00f3n sobre el Autismo, que se celebra cada 2 de abril, se llev\u00f3 a cabo el pasado viernes, un nuevo ciclo de Jornadas Bio Abordajes del Autismo 2019,: &quot;En el mes de concientizaci\u00f3n por el Autismo: Miremos Diferente&quot; con el objetivo de dar a conocer diferentes perspectivas sobre [&hellip;]<\/p>\n","protected":false},"author":1,"featured_media":3297,"comment_status":"open","ping_status":"open","sticky":false,"template":"","format":"standard","meta":{"_et_pb_use_builder":"","_et_pb_old_content":"","_et_gb_content_width":"","footnotes":""},"categories":[11,33],"tags":[],"class_list":["post-3296","post","type-post","status-publish","format-standard","has-post-thumbnail","hentry","category-ciudad","category-sociedad-y-cultura-2"],"_links":{"self":[{"href":"https:\/\/vocesdebaires.com.ar\/index.php\/wp-json\/wp\/v2\/posts\/3296"}],"collection":[{"href":"https:\/\/vocesdebaires.com.ar\/index.php\/wp-json\/wp\/v2\/posts"}],"about":[{"href":"https:\/\/vocesdebaires.com.ar\/index.php\/wp-json\/wp\/v2\/types\/post"}],"author":[{"embeddable":true,"href":"https:\/\/vocesdebaires.com.ar\/index.php\/wp-json\/wp\/v2\/users\/1"}],"replies":[{"embeddable":true,"href":"https:\/\/vocesdebaires.com.ar\/index.php\/wp-json\/wp\/v2\/comments?post=3296"}],"version-history":[{"count":0,"href":"https:\/\/vocesdebaires.com.ar\/index.php\/wp-json\/wp\/v2\/posts\/3296\/revisions"}],"wp:featuredmedia":[{"embeddable":true,"href":"https:\/\/vocesdebaires.com.ar\/index.php\/wp-json\/wp\/v2\/media\/3297"}],"wp:attachment":[{"href":"https:\/\/vocesdebaires.com.ar\/index.php\/wp-json\/wp\/v2\/media?parent=3296"}],"wp:term":[{"taxonomy":"category","embeddable":true,"href":"https:\/\/vocesdebaires.com.ar\/index.php\/wp-json\/wp\/v2\/categories?post=3296"},{"taxonomy":"post_tag","embeddable":true,"href":"https:\/\/vocesdebaires.com.ar\/index.php\/wp-json\/wp\/v2\/tags?post=3296"}],"curies":[{"name":"wp","href":"https:\/\/api.w.org\/{rel}","templated":true}]}}