{"id":3310,"date":"2019-04-05T03:00:00","date_gmt":"2019-04-05T06:00:00","guid":{"rendered":"http:\/\/vocesdebaires.com.ar\/wordpress\/index.php\/2019\/04\/05\/paternal-la-policia-detuvo-a-dos-dealers\/"},"modified":"2019-04-05T03:00:00","modified_gmt":"2019-04-05T06:00:00","slug":"paternal-la-policia-detuvo-a-dos-dealers","status":"publish","type":"post","link":"https:\/\/vocesdebaires.com.ar\/index.php\/2019\/04\/05\/paternal-la-policia-detuvo-a-dos-dealers\/","title":{"rendered":"Paternal: La Polic\u00eda detuvo a dos dealers"},"content":{"rendered":"<p>A causa de varias denuncias de vecinos presentadas en los encuentros realizados peri\u00f3dicamente en diferentes comisar\u00edas de la Comuna 15, personal de la Divisi\u00f3n Sumarios y Brigadas de Prevenci\u00f3n recorr\u00eda la zona cercana al asentamiento &quot;La Carbonilla&quot;, ubicado en la intersecci\u00f3n de las calles Trelles y A\u00f1asco, cuando observ\u00f3 a una mujer y un joven que realizaban una t\u00edpica maniobra de &quot;pasamanos&quot;. Esta actitud alert\u00f3 a los oficiales quienes se acercaron hasta los sospechosos para identificarlos, y \u00e9stos al percibir la presencia policial huyeron del lugar caminando, subi\u00e9ndose la mujer a un Toyota Corolla que estaba a unos metros del lugar.<\/p>\n<p>Los efectivos interceptaron r\u00e1pidamente al veh\u00edculo, cuyos ocupantes fueron demorados y requisados frente a la presencia de testigos. Como resultado de las actuaciones policiales se encontraron dentro de la ri\u00f1onera de la detenida, de nacionalidad peruana, 3 envoltorios de nylon que conten\u00edan clorhidrato de coca\u00edna semi compactada\u00a0 por un peso total de 123 gramos, y la suma de 68.198 pesos en efectivo. Adem\u00e1s, se encontr\u00f3 debajo del asiento del conductor una r\u00e9plica de arma de fuego.Por orden de la Fiscal\u00eda Penal Contravencional y de Faltas N\u00ba 2 a cargo del Dr. Broto, se decidi\u00f3 el traslado de los detenidos a la alcaid\u00eda 6 de la Polic\u00eda de la Ciudad, imputados por infracci\u00f3n a las leyes 23.737, conocida como &quot;ley de drogas&quot;.<\/p>\n","protected":false},"excerpt":{"rendered":"<p>A causa de varias denuncias de vecinos presentadas en los encuentros realizados peri\u00f3dicamente en diferentes comisar\u00edas de la Comuna 15, personal de la Divisi\u00f3n Sumarios y Brigadas de Prevenci\u00f3n recorr\u00eda la zona cercana al asentamiento &quot;La Carbonilla&quot;, ubicado en la intersecci\u00f3n de las calles Trelles y A\u00f1asco, cuando observ\u00f3 a una mujer y un joven [&hellip;]<\/p>\n","protected":false},"author":1,"featured_media":3311,"comment_status":"open","ping_status":"open","sticky":false,"template":"","format":"standard","meta":{"_et_pb_use_builder":"","_et_pb_old_content":"","_et_gb_content_width":"","footnotes":""},"categories":[11,32],"tags":[],"class_list":["post-3310","post","type-post","status-publish","format-standard","has-post-thumbnail","hentry","category-ciudad","category-comunas"],"_links":{"self":[{"href":"https:\/\/vocesdebaires.com.ar\/index.php\/wp-json\/wp\/v2\/posts\/3310"}],"collection":[{"href":"https:\/\/vocesdebaires.com.ar\/index.php\/wp-json\/wp\/v2\/posts"}],"about":[{"href":"https:\/\/vocesdebaires.com.ar\/index.php\/wp-json\/wp\/v2\/types\/post"}],"author":[{"embeddable":true,"href":"https:\/\/vocesdebaires.com.ar\/index.php\/wp-json\/wp\/v2\/users\/1"}],"replies":[{"embeddable":true,"href":"https:\/\/vocesdebaires.com.ar\/index.php\/wp-json\/wp\/v2\/comments?post=3310"}],"version-history":[{"count":0,"href":"https:\/\/vocesdebaires.com.ar\/index.php\/wp-json\/wp\/v2\/posts\/3310\/revisions"}],"wp:featuredmedia":[{"embeddable":true,"href":"https:\/\/vocesdebaires.com.ar\/index.php\/wp-json\/wp\/v2\/media\/3311"}],"wp:attachment":[{"href":"https:\/\/vocesdebaires.com.ar\/index.php\/wp-json\/wp\/v2\/media?parent=3310"}],"wp:term":[{"taxonomy":"category","embeddable":true,"href":"https:\/\/vocesdebaires.com.ar\/index.php\/wp-json\/wp\/v2\/categories?post=3310"},{"taxonomy":"post_tag","embeddable":true,"href":"https:\/\/vocesdebaires.com.ar\/index.php\/wp-json\/wp\/v2\/tags?post=3310"}],"curies":[{"name":"wp","href":"https:\/\/api.w.org\/{rel}","templated":true}]}}