{"id":3314,"date":"2019-04-05T03:00:00","date_gmt":"2019-04-05T06:00:00","guid":{"rendered":"http:\/\/vocesdebaires.com.ar\/wordpress\/index.php\/2019\/04\/05\/legislatura-valerie-plante-huesped-de-honor\/"},"modified":"2019-04-05T03:00:00","modified_gmt":"2019-04-05T06:00:00","slug":"legislatura-valerie-plante-huesped-de-honor","status":"publish","type":"post","link":"https:\/\/vocesdebaires.com.ar\/index.php\/2019\/04\/05\/legislatura-valerie-plante-huesped-de-honor\/","title":{"rendered":"Legislatura: Val\u00e9rie Plante, Hu\u00e9sped de Honor"},"content":{"rendered":"<p>La alcaldesa de Montreal, Val\u00e9rie Plante, fue reconocida ayer por la tarde como Hu\u00e9sped de Honor de la Ciudad de Buenos Aires. El c\u00e1lido acto se llev\u00f3 a cabo en el sal\u00f3n Eva Per\u00f3n, donde\u00a0legisladores y funcionarios porte\u00f1os agasajaron a la comitiva canadiense. \u201cEs un honor tener la responsabilidad de recibir a la primera mujer electa alcalde de una ciudad tan importante como Montreal. La relaci\u00f3n entre Canad\u00e1 y Argentina es un v\u00ednculo de cooperaci\u00f3n que arrastra a\u00f1os y que se afianza cada vez m\u00e1s\u201d, expres\u00f3 Carlos Tomada, Vicepresidente II de la Legislatura.<\/p>\n<p>Luego Carolina Estebarena (VJ), autora del proyecto, tom\u00f3 la palabra y destac\u00f3: \u201cEstoy orgullosa de nuestra Ciudad y espero que algunas de nuestras pol\u00edticas p\u00fablicas sirvan de inspiraci\u00f3n para Montreal y, a su vez, nutrirnos de ideas que funcionen all\u00e1&quot;. Por su parte, Plante cerr\u00f3 el acto agradeciendo y a su vez a\u00f1adi\u00f3 que \u201cBuenos Aires es una urbe protagonista y en el \u00faltimo Urban 20 que se desarroll\u00f3 ac\u00e1, qued\u00f3 demostrado que las\u00a0 ciudades tenemos mucho para decir&quot;. Estuvieron en el acto los legisladores Fernando Yuan (VJ), Maril\u00fa Gonz\u00e1lez Estevarena (VJ), Paula Villalva (VJ), Natalia Fidel (VJ) y Victoria Rold\u00e1n M\u00e9ndez (VJ).<\/p>\n","protected":false},"excerpt":{"rendered":"<p>La alcaldesa de Montreal, Val\u00e9rie Plante, fue reconocida ayer por la tarde como Hu\u00e9sped de Honor de la Ciudad de Buenos Aires. El c\u00e1lido acto se llev\u00f3 a cabo en el sal\u00f3n Eva Per\u00f3n, donde\u00a0legisladores y funcionarios porte\u00f1os agasajaron a la comitiva canadiense. \u201cEs un honor tener la responsabilidad de recibir a la primera mujer [&hellip;]<\/p>\n","protected":false},"author":1,"featured_media":3315,"comment_status":"open","ping_status":"open","sticky":false,"template":"","format":"standard","meta":{"_et_pb_use_builder":"","_et_pb_old_content":"","_et_gb_content_width":"","footnotes":""},"categories":[11,33],"tags":[],"class_list":["post-3314","post","type-post","status-publish","format-standard","has-post-thumbnail","hentry","category-ciudad","category-sociedad-y-cultura-2"],"_links":{"self":[{"href":"https:\/\/vocesdebaires.com.ar\/index.php\/wp-json\/wp\/v2\/posts\/3314"}],"collection":[{"href":"https:\/\/vocesdebaires.com.ar\/index.php\/wp-json\/wp\/v2\/posts"}],"about":[{"href":"https:\/\/vocesdebaires.com.ar\/index.php\/wp-json\/wp\/v2\/types\/post"}],"author":[{"embeddable":true,"href":"https:\/\/vocesdebaires.com.ar\/index.php\/wp-json\/wp\/v2\/users\/1"}],"replies":[{"embeddable":true,"href":"https:\/\/vocesdebaires.com.ar\/index.php\/wp-json\/wp\/v2\/comments?post=3314"}],"version-history":[{"count":0,"href":"https:\/\/vocesdebaires.com.ar\/index.php\/wp-json\/wp\/v2\/posts\/3314\/revisions"}],"wp:featuredmedia":[{"embeddable":true,"href":"https:\/\/vocesdebaires.com.ar\/index.php\/wp-json\/wp\/v2\/media\/3315"}],"wp:attachment":[{"href":"https:\/\/vocesdebaires.com.ar\/index.php\/wp-json\/wp\/v2\/media?parent=3314"}],"wp:term":[{"taxonomy":"category","embeddable":true,"href":"https:\/\/vocesdebaires.com.ar\/index.php\/wp-json\/wp\/v2\/categories?post=3314"},{"taxonomy":"post_tag","embeddable":true,"href":"https:\/\/vocesdebaires.com.ar\/index.php\/wp-json\/wp\/v2\/tags?post=3314"}],"curies":[{"name":"wp","href":"https:\/\/api.w.org\/{rel}","templated":true}]}}