{"id":3326,"date":"2019-04-04T03:00:00","date_gmt":"2019-04-04T06:00:00","guid":{"rendered":"http:\/\/vocesdebaires.com.ar\/wordpress\/index.php\/2019\/04\/04\/legislador-francisco-quintana-recibio-a-daia\/"},"modified":"2019-04-04T03:00:00","modified_gmt":"2019-04-04T06:00:00","slug":"legislador-francisco-quintana-recibio-a-daia","status":"publish","type":"post","link":"https:\/\/vocesdebaires.com.ar\/index.php\/2019\/04\/04\/legislador-francisco-quintana-recibio-a-daia\/","title":{"rendered":"Legislador Francisco Quintana  recibi\u00f3 a DAIA"},"content":{"rendered":"<p>En un encuentro realizado en el palacio legislativo de la Ciudad de Buenos Aires, el legislador porte\u00f1o Francisco Quintana recibi\u00f3 al tesorero de la DAIA, Marcos Cohen, y al director ejecutivo, V\u00edctor Garelik, en un encuentro en el que se trabaj\u00f3 la implementaci\u00f3n de la Plataforma Virtual de Capacitaci\u00f3n de la entidad, as\u00ed como de proyectos en com\u00fan entre la entidad representativa de la comunidad jud\u00eda argentina y la Legislatura porte\u00f1a.<\/p>\n","protected":false},"excerpt":{"rendered":"<p>En un encuentro realizado en el palacio legislativo de la Ciudad de Buenos Aires, el legislador porte\u00f1o Francisco Quintana recibi\u00f3 al tesorero de la DAIA, Marcos Cohen, y al director ejecutivo, V\u00edctor Garelik, en un encuentro en el que se trabaj\u00f3 la implementaci\u00f3n de la Plataforma Virtual de Capacitaci\u00f3n de la entidad, as\u00ed como de [&hellip;]<\/p>\n","protected":false},"author":1,"featured_media":3327,"comment_status":"open","ping_status":"open","sticky":false,"template":"","format":"standard","meta":{"_et_pb_use_builder":"","_et_pb_old_content":"","_et_gb_content_width":"","footnotes":""},"categories":[11,33],"tags":[],"class_list":["post-3326","post","type-post","status-publish","format-standard","has-post-thumbnail","hentry","category-ciudad","category-sociedad-y-cultura-2"],"_links":{"self":[{"href":"https:\/\/vocesdebaires.com.ar\/index.php\/wp-json\/wp\/v2\/posts\/3326"}],"collection":[{"href":"https:\/\/vocesdebaires.com.ar\/index.php\/wp-json\/wp\/v2\/posts"}],"about":[{"href":"https:\/\/vocesdebaires.com.ar\/index.php\/wp-json\/wp\/v2\/types\/post"}],"author":[{"embeddable":true,"href":"https:\/\/vocesdebaires.com.ar\/index.php\/wp-json\/wp\/v2\/users\/1"}],"replies":[{"embeddable":true,"href":"https:\/\/vocesdebaires.com.ar\/index.php\/wp-json\/wp\/v2\/comments?post=3326"}],"version-history":[{"count":0,"href":"https:\/\/vocesdebaires.com.ar\/index.php\/wp-json\/wp\/v2\/posts\/3326\/revisions"}],"wp:featuredmedia":[{"embeddable":true,"href":"https:\/\/vocesdebaires.com.ar\/index.php\/wp-json\/wp\/v2\/media\/3327"}],"wp:attachment":[{"href":"https:\/\/vocesdebaires.com.ar\/index.php\/wp-json\/wp\/v2\/media?parent=3326"}],"wp:term":[{"taxonomy":"category","embeddable":true,"href":"https:\/\/vocesdebaires.com.ar\/index.php\/wp-json\/wp\/v2\/categories?post=3326"},{"taxonomy":"post_tag","embeddable":true,"href":"https:\/\/vocesdebaires.com.ar\/index.php\/wp-json\/wp\/v2\/tags?post=3326"}],"curies":[{"name":"wp","href":"https:\/\/api.w.org\/{rel}","templated":true}]}}