{"id":333,"date":"2021-01-05T03:00:00","date_gmt":"2021-01-05T06:00:00","guid":{"rendered":"http:\/\/vocesdebaires.com.ar\/wordpress\/index.php\/2021\/01\/05\/villa-crespo-se-secuestro-material-inflamable\/"},"modified":"2021-01-05T03:00:00","modified_gmt":"2021-01-05T06:00:00","slug":"villa-crespo-se-secuestro-material-inflamable","status":"publish","type":"post","link":"https:\/\/vocesdebaires.com.ar\/index.php\/2021\/01\/05\/villa-crespo-se-secuestro-material-inflamable\/","title":{"rendered":"Villa Crespo: Se secuestr\u00f3 material inflamable"},"content":{"rendered":"<p>Personal de la Divisi\u00f3n Sumarios y Brigadas de la Comuna 15 de la Polic\u00eda de la Ciudad, que se encontraba realizando tareas de despliegue territorial, observ\u00f3 sobre la calle Malabia al 800 a una persona que manejaba un auto-elevador de manera imprudente. Ante esa situaci\u00f3n, los efectivos lo demoraron para pedirle la documentaci\u00f3n pertinente, la cual no pose\u00eda, y el hombre les explic\u00f3 que estaba trabajando para el local que ten\u00edan enfrente. Al ingresar al lugar, los oficiales observaron una gran cantidad de bidones de material inflamable y cajas de cart\u00f3n.<\/p>\n<p>Por este motivo, se consult\u00f3 con la Fiscal\u00eda Penal Contravencional y de Faltas N\u00famero 2, a cargo del doctor Brotto y ante la Secretar\u00eda de la doctora Thourte, y se orden\u00f3 que se labre un acta por infracci\u00f3n al art\u00edculo 83 del c\u00f3digo como tambi\u00e9n la falta de tr\u00e1nsito. Se hizo presente personal de la Agencia Gubernamental de Control (AGC), que procedi\u00f3 a inspeccionar el comercio y determin\u00f3 la clausura por exceso de acopio de material inflamable y por estar funcionando sin habilitaci\u00f3n.Momentos despu\u00e9s, personal de Bomberos de la Ciudad procedi\u00f3 al secuestro del material inflamable.<\/p>\n","protected":false},"excerpt":{"rendered":"<p>Personal de la Divisi\u00f3n Sumarios y Brigadas de la Comuna 15 de la Polic\u00eda de la Ciudad, que se encontraba realizando tareas de despliegue territorial, observ\u00f3 sobre la calle Malabia al 800 a una persona que manejaba un auto-elevador de manera imprudente. Ante esa situaci\u00f3n, los efectivos lo demoraron para pedirle la documentaci\u00f3n pertinente, la [&hellip;]<\/p>\n","protected":false},"author":1,"featured_media":334,"comment_status":"open","ping_status":"open","sticky":false,"template":"","format":"standard","meta":{"_et_pb_use_builder":"","_et_pb_old_content":"","_et_gb_content_width":"","footnotes":""},"categories":[11,32],"tags":[],"class_list":["post-333","post","type-post","status-publish","format-standard","has-post-thumbnail","hentry","category-ciudad","category-comunas"],"_links":{"self":[{"href":"https:\/\/vocesdebaires.com.ar\/index.php\/wp-json\/wp\/v2\/posts\/333"}],"collection":[{"href":"https:\/\/vocesdebaires.com.ar\/index.php\/wp-json\/wp\/v2\/posts"}],"about":[{"href":"https:\/\/vocesdebaires.com.ar\/index.php\/wp-json\/wp\/v2\/types\/post"}],"author":[{"embeddable":true,"href":"https:\/\/vocesdebaires.com.ar\/index.php\/wp-json\/wp\/v2\/users\/1"}],"replies":[{"embeddable":true,"href":"https:\/\/vocesdebaires.com.ar\/index.php\/wp-json\/wp\/v2\/comments?post=333"}],"version-history":[{"count":0,"href":"https:\/\/vocesdebaires.com.ar\/index.php\/wp-json\/wp\/v2\/posts\/333\/revisions"}],"wp:featuredmedia":[{"embeddable":true,"href":"https:\/\/vocesdebaires.com.ar\/index.php\/wp-json\/wp\/v2\/media\/334"}],"wp:attachment":[{"href":"https:\/\/vocesdebaires.com.ar\/index.php\/wp-json\/wp\/v2\/media?parent=333"}],"wp:term":[{"taxonomy":"category","embeddable":true,"href":"https:\/\/vocesdebaires.com.ar\/index.php\/wp-json\/wp\/v2\/categories?post=333"},{"taxonomy":"post_tag","embeddable":true,"href":"https:\/\/vocesdebaires.com.ar\/index.php\/wp-json\/wp\/v2\/tags?post=333"}],"curies":[{"name":"wp","href":"https:\/\/api.w.org\/{rel}","templated":true}]}}