{"id":3345,"date":"2019-04-03T03:00:00","date_gmt":"2019-04-03T06:00:00","guid":{"rendered":"http:\/\/vocesdebaires.com.ar\/wordpress\/index.php\/2019\/04\/03\/taxi-appusuarias-eligen-conductoras\/"},"modified":"2019-04-03T03:00:00","modified_gmt":"2019-04-03T06:00:00","slug":"taxi-appusuarias-eligen-conductoras","status":"publish","type":"post","link":"https:\/\/vocesdebaires.com.ar\/index.php\/2019\/04\/03\/taxi-appusuarias-eligen-conductoras\/","title":{"rendered":"Taxi app:Usuarias eligen conductoras"},"content":{"rendered":"<p>Las usuarias de BA Taxi podr\u00e1n elegir a mujeres como conductoras en la aplicaci\u00f3n, inform\u00f3 el gobierno porte\u00f1o, que incorpor\u00f3 a 2000 mujeres taxistas para este a\u00f1o.El secretario de Transporte de la Ciudad, Juan Jos\u00e9 M\u00e9ndez, asegur\u00f3 que esta opci\u00f3n \u201cofrece una oportunidad real a mujeres que buscan independizarse y ser aut\u00f3nomas\u201c.\u201cQueremos acompa\u00f1ar este proceso de igualdad y otorgar una herramienta de seguridad para las pasajeras\u201d, dijo el funcionario y agreg\u00f3: \u201cCreamos un filtro exclusivo en la aplicaci\u00f3n BA Taxi para que las usuarias puedan tener la opci\u00f3n de elegir una conductora\u201c.<\/p>\n<p>Esta opci\u00f3n est\u00e1 disponible s\u00f3lo para usuarias mujeres: tanto para las pasajeras que quieran sentirse seguras a la hora de pedir un taxi como para las conductoras. En caso de que la aplicaci\u00f3n no detecte conductoras en las cercan\u00edas le consultar\u00e1 a la pasajera si quiere realizar el viaje con un chofer var\u00f3n. Para sumar mujeres a trabajar en los taxis la Secretar\u00eda de Transporte lanz\u00f3 en agosto de 2018 una convocatoria para incorporar conductoras y desde entonces se sumaron 1965 mujeres, de un total de 39.800 conductores de taxis. En tanto, el pasado jueves se sumaron 27 mujeres taxistas m\u00e1s, que egresaron de los cursos que comenzaron en marzo.<\/p>\n<p>El gremio, en contra:<\/p>\n<p>Desde el gremio taxis de la Ciudad se opusieron a la implementaci\u00f3n del filtro para elegir mujeres como conductoras en la aplicaci\u00f3n BA Taxi al calificar que se trata de una medida \u201cdiscriminatoria\u201d.<br \/>\u201cQueremos manifestar nuestro repudio. Las cuestiones de g\u00e9nero no implican en la calidad del servicio. Nos parece peligroso y discriminatorio\u201c, Marcelo Boeri, titular de Taxistas Unidos.Casi el 70% de los viajes a trav\u00e9s de BA Taxi son realizados por mujeres, precisaron desde el gobierno porte\u00f1o.<\/p>\n","protected":false},"excerpt":{"rendered":"<p>Las usuarias de BA Taxi podr\u00e1n elegir a mujeres como conductoras en la aplicaci\u00f3n, inform\u00f3 el gobierno porte\u00f1o, que incorpor\u00f3 a 2000 mujeres taxistas para este a\u00f1o.El secretario de Transporte de la Ciudad, Juan Jos\u00e9 M\u00e9ndez, asegur\u00f3 que esta opci\u00f3n \u201cofrece una oportunidad real a mujeres que buscan independizarse y ser aut\u00f3nomas\u201c.\u201cQueremos acompa\u00f1ar este proceso [&hellip;]<\/p>\n","protected":false},"author":1,"featured_media":3346,"comment_status":"open","ping_status":"open","sticky":false,"template":"","format":"standard","meta":{"_et_pb_use_builder":"","_et_pb_old_content":"","_et_gb_content_width":"","footnotes":""},"categories":[11,36],"tags":[],"class_list":["post-3345","post","type-post","status-publish","format-standard","has-post-thumbnail","hentry","category-ciudad","category-transito-2"],"_links":{"self":[{"href":"https:\/\/vocesdebaires.com.ar\/index.php\/wp-json\/wp\/v2\/posts\/3345"}],"collection":[{"href":"https:\/\/vocesdebaires.com.ar\/index.php\/wp-json\/wp\/v2\/posts"}],"about":[{"href":"https:\/\/vocesdebaires.com.ar\/index.php\/wp-json\/wp\/v2\/types\/post"}],"author":[{"embeddable":true,"href":"https:\/\/vocesdebaires.com.ar\/index.php\/wp-json\/wp\/v2\/users\/1"}],"replies":[{"embeddable":true,"href":"https:\/\/vocesdebaires.com.ar\/index.php\/wp-json\/wp\/v2\/comments?post=3345"}],"version-history":[{"count":0,"href":"https:\/\/vocesdebaires.com.ar\/index.php\/wp-json\/wp\/v2\/posts\/3345\/revisions"}],"wp:featuredmedia":[{"embeddable":true,"href":"https:\/\/vocesdebaires.com.ar\/index.php\/wp-json\/wp\/v2\/media\/3346"}],"wp:attachment":[{"href":"https:\/\/vocesdebaires.com.ar\/index.php\/wp-json\/wp\/v2\/media?parent=3345"}],"wp:term":[{"taxonomy":"category","embeddable":true,"href":"https:\/\/vocesdebaires.com.ar\/index.php\/wp-json\/wp\/v2\/categories?post=3345"},{"taxonomy":"post_tag","embeddable":true,"href":"https:\/\/vocesdebaires.com.ar\/index.php\/wp-json\/wp\/v2\/tags?post=3345"}],"curies":[{"name":"wp","href":"https:\/\/api.w.org\/{rel}","templated":true}]}}