{"id":3349,"date":"2019-04-02T03:00:00","date_gmt":"2019-04-02T06:00:00","guid":{"rendered":"http:\/\/vocesdebaires.com.ar\/wordpress\/index.php\/2019\/04\/02\/saavedra-tiroteo-y-persecucion-tres-detenidos\/"},"modified":"2019-04-02T03:00:00","modified_gmt":"2019-04-02T06:00:00","slug":"saavedra-tiroteo-y-persecucion-tres-detenidos","status":"publish","type":"post","link":"https:\/\/vocesdebaires.com.ar\/index.php\/2019\/04\/02\/saavedra-tiroteo-y-persecucion-tres-detenidos\/","title":{"rendered":"Saavedra: Tiroteo y persecuci\u00f3n tres detenidos"},"content":{"rendered":"<p>El hecho se inici\u00f3 en la intersecci\u00f3n de las calles Roque P\u00e9rez y Jaramillo donde efectivos de la Comisar\u00eda Vecinal 12-A, que realizaban tareas de prevenci\u00f3n del delito, observaron a tres j\u00f3venes que descendieron de un veh\u00edculo Ford Fiesta para subir r\u00e1pidamente a otro rodado Ford Ka que se encontraba estacionado. Esta situaci\u00f3n alert\u00f3 a los agentes quienes, sospechando que se podr\u00eda tratar de un il\u00edcito, impartieron la voz de alto a fines de identificar a las tres personas, la cual no fue acatada dando inicio a una fuga.Inmediatamente comenz\u00f3 una persecuci\u00f3n del veh\u00edculo y al llegar al t\u00fanel ubicado en la avenida Balb\u00edn y Goyeneche, uno de los ocupantes del veh\u00edculo en fuga realiz\u00f3 disparos de arma de fuego sobre el m\u00f3vil policial.<\/p>\n<p>Mientras continuaba la persecuci\u00f3n de los pr\u00f3fugos, efectivos de la Polic\u00eda de la Ciudad realizaron un operativo cerrojo que arroj\u00f3 resultado positivo cuando un patrullero logr\u00f3 cerrar una de las v\u00edas de escape de los delincuentes e impactar al Ford Ka en Ramallo y Goyeneche. Como consecuencia del mismo descendieron del auto los ladrones quienes emprendieron a la carrera una fuga de a pie, siendo alcanzados dos de ellos a los pocos metros por los oficiales; en tanto el tercer malviviente, quien portaba una pistola semiautom\u00e1tica calibre 38 mm, dispar\u00f3 sobre los polic\u00edas para evitar ser capturado pero siendo alcanzado y detenido cuando trataba de ocultarse a metros del Barrio Mitre.<\/p>\n<p>Realizadas las consultas sobre los dominios de los autos involucrados se estableci\u00f3 que uno de ellos hab\u00eda sido robado en la localidad bonaerense de Vicente L\u00f3pez, en tanto el otro no registraba impedimentos pero luego de practicada una pericia ocular se observ\u00f3 que la numeraci\u00f3n grabada en sus cristales no coincid\u00eda con la chapa patente. Efectuadas las consultas con el Juzgado Nacional en lo Criminal y Correccional N\u00b0 17, a cargo del Dr. Gustavo Pierreti, se orden\u00f3 el secuestro del arma y los dos veh\u00edculos y la detenci\u00f3n de los imputados (todos mayores de edad) a dependencias de las Alcaid\u00edas N\u00b0 12 y 15 de la Polic\u00eda de la Ciudad.<\/p>\n","protected":false},"excerpt":{"rendered":"<p>El hecho se inici\u00f3 en la intersecci\u00f3n de las calles Roque P\u00e9rez y Jaramillo donde efectivos de la Comisar\u00eda Vecinal 12-A, que realizaban tareas de prevenci\u00f3n del delito, observaron a tres j\u00f3venes que descendieron de un veh\u00edculo Ford Fiesta para subir r\u00e1pidamente a otro rodado Ford Ka que se encontraba estacionado. Esta situaci\u00f3n alert\u00f3 a [&hellip;]<\/p>\n","protected":false},"author":1,"featured_media":3350,"comment_status":"open","ping_status":"open","sticky":false,"template":"","format":"standard","meta":{"_et_pb_use_builder":"","_et_pb_old_content":"","_et_gb_content_width":"","footnotes":""},"categories":[11,32],"tags":[],"class_list":["post-3349","post","type-post","status-publish","format-standard","has-post-thumbnail","hentry","category-ciudad","category-comunas"],"_links":{"self":[{"href":"https:\/\/vocesdebaires.com.ar\/index.php\/wp-json\/wp\/v2\/posts\/3349"}],"collection":[{"href":"https:\/\/vocesdebaires.com.ar\/index.php\/wp-json\/wp\/v2\/posts"}],"about":[{"href":"https:\/\/vocesdebaires.com.ar\/index.php\/wp-json\/wp\/v2\/types\/post"}],"author":[{"embeddable":true,"href":"https:\/\/vocesdebaires.com.ar\/index.php\/wp-json\/wp\/v2\/users\/1"}],"replies":[{"embeddable":true,"href":"https:\/\/vocesdebaires.com.ar\/index.php\/wp-json\/wp\/v2\/comments?post=3349"}],"version-history":[{"count":0,"href":"https:\/\/vocesdebaires.com.ar\/index.php\/wp-json\/wp\/v2\/posts\/3349\/revisions"}],"wp:featuredmedia":[{"embeddable":true,"href":"https:\/\/vocesdebaires.com.ar\/index.php\/wp-json\/wp\/v2\/media\/3350"}],"wp:attachment":[{"href":"https:\/\/vocesdebaires.com.ar\/index.php\/wp-json\/wp\/v2\/media?parent=3349"}],"wp:term":[{"taxonomy":"category","embeddable":true,"href":"https:\/\/vocesdebaires.com.ar\/index.php\/wp-json\/wp\/v2\/categories?post=3349"},{"taxonomy":"post_tag","embeddable":true,"href":"https:\/\/vocesdebaires.com.ar\/index.php\/wp-json\/wp\/v2\/tags?post=3349"}],"curies":[{"name":"wp","href":"https:\/\/api.w.org\/{rel}","templated":true}]}}