{"id":33852,"date":"2021-07-26T00:00:51","date_gmt":"2021-07-26T03:00:51","guid":{"rendered":"https:\/\/vocesdebaires.com.ar\/?p=33852"},"modified":"2021-07-25T23:03:50","modified_gmt":"2021-07-26T02:03:50","slug":"el-candidato-a-diputado-santilli-visito-la-ciudad-de-san-nicolas","status":"publish","type":"post","link":"https:\/\/vocesdebaires.com.ar\/index.php\/2021\/07\/26\/el-candidato-a-diputado-santilli-visito-la-ciudad-de-san-nicolas\/","title":{"rendered":"El candidato a diputado Santilli visit\u00f3 la ciudad de San Nicol\u00e1s"},"content":{"rendered":"<p>Luego del cierre de listas, el candidato a diputado nacional de Juntos recorri\u00f3 ayer domingo San Nicol\u00e1s. Estuvo acompa\u00f1ado por el intendente Manuel Passaglia. El precandidato de Juntos por la provincia de Buenos Aires visit\u00f3 San Nicol\u00e1s, ubicada en la segunda secci\u00f3n electoral. Acompa\u00f1ando por el intendente Manuel Passaglia y Carlos Capra, primer candidato a concejal del distrito, Santilli se reuni\u00f3 con comerciantes y vecinos, y camin\u00f3 el centro de la ciudad y Plaza Mitre.<\/p>\n<p>Luego, el dirigente de Juntos aprovech\u00f3 la visita a la ciudad para acompa\u00f1ar a su hijo Nicanor, que corri\u00f3 en el Top Race, y se sum\u00f3 a la peregrinaci\u00f3n a la Catedral donde se festej\u00f3 el d\u00eda de la Virgen de San Nicol\u00e1s. Consultado sobre la primaria con Facundo Manes, Santilli asegur\u00f3 que \u00abnuestro adversario es el kirchnerismo. Y nuestro desafi\u00f3 es plantearle a los bonaerenses que somos una alternativa superadora, que quiere debatir con el gobierno sobre c\u00f3mo potenciamos nuestra producci\u00f3n y al campo, c\u00f3mo bajamos los impuestos, c\u00f3mo bajamos los \u00edndices de inseguridad. Estos son los temas que le preocupan a la gente\u00bb.<\/p>\n","protected":false},"excerpt":{"rendered":"<p>Luego del cierre de listas, el candidato a diputado nacional de Juntos recorri\u00f3 ayer domingo San Nicol\u00e1s. Estuvo acompa\u00f1ado por el intendente Manuel Passaglia. El precandidato de Juntos por la provincia de Buenos Aires visit\u00f3 San Nicol\u00e1s, ubicada en la segunda secci\u00f3n electoral. Acompa\u00f1ando por el intendente Manuel Passaglia y Carlos Capra, primer candidato a [&hellip;]<\/p>\n","protected":false},"author":2,"featured_media":33853,"comment_status":"open","ping_status":"open","sticky":false,"template":"","format":"standard","meta":{"_et_pb_use_builder":"","_et_pb_old_content":"","_et_gb_content_width":"","footnotes":""},"categories":[34,13],"tags":[],"class_list":["post-33852","post","type-post","status-publish","format-standard","has-post-thumbnail","hentry","category-politica","category-provincia"],"_links":{"self":[{"href":"https:\/\/vocesdebaires.com.ar\/index.php\/wp-json\/wp\/v2\/posts\/33852"}],"collection":[{"href":"https:\/\/vocesdebaires.com.ar\/index.php\/wp-json\/wp\/v2\/posts"}],"about":[{"href":"https:\/\/vocesdebaires.com.ar\/index.php\/wp-json\/wp\/v2\/types\/post"}],"author":[{"embeddable":true,"href":"https:\/\/vocesdebaires.com.ar\/index.php\/wp-json\/wp\/v2\/users\/2"}],"replies":[{"embeddable":true,"href":"https:\/\/vocesdebaires.com.ar\/index.php\/wp-json\/wp\/v2\/comments?post=33852"}],"version-history":[{"count":1,"href":"https:\/\/vocesdebaires.com.ar\/index.php\/wp-json\/wp\/v2\/posts\/33852\/revisions"}],"predecessor-version":[{"id":33854,"href":"https:\/\/vocesdebaires.com.ar\/index.php\/wp-json\/wp\/v2\/posts\/33852\/revisions\/33854"}],"wp:featuredmedia":[{"embeddable":true,"href":"https:\/\/vocesdebaires.com.ar\/index.php\/wp-json\/wp\/v2\/media\/33853"}],"wp:attachment":[{"href":"https:\/\/vocesdebaires.com.ar\/index.php\/wp-json\/wp\/v2\/media?parent=33852"}],"wp:term":[{"taxonomy":"category","embeddable":true,"href":"https:\/\/vocesdebaires.com.ar\/index.php\/wp-json\/wp\/v2\/categories?post=33852"},{"taxonomy":"post_tag","embeddable":true,"href":"https:\/\/vocesdebaires.com.ar\/index.php\/wp-json\/wp\/v2\/tags?post=33852"}],"curies":[{"name":"wp","href":"https:\/\/api.w.org\/{rel}","templated":true}]}}