{"id":33893,"date":"2021-07-28T00:00:32","date_gmt":"2021-07-28T03:00:32","guid":{"rendered":"https:\/\/vocesdebaires.com.ar\/?p=33893"},"modified":"2021-07-27T22:58:28","modified_gmt":"2021-07-28T01:58:28","slug":"santilli-vamos-a-tener-una-primaria-sana-y-propositiva","status":"publish","type":"post","link":"https:\/\/vocesdebaires.com.ar\/index.php\/2021\/07\/28\/santilli-vamos-a-tener-una-primaria-sana-y-propositiva\/","title":{"rendered":"Santilli: \u201cVamos a tener una primaria sana y propositiva\u201d"},"content":{"rendered":"<p>El precandidato a diputado nacional por Juntos, Diego Santilli, comparti\u00f3 un caf\u00e9 con vecinos y recorri\u00f3 ayer martes por la ma\u00f1ana la ciudad de Hurlingham acompa\u00f1ado por Lucas Delfino, primer candidato a concejal. \u201cNuestro adversario es el kirchnerismo. No le hagamos el caldo gordo al kirchnerismo. Nosotros tenemos que tener una primaria sana, propositiva. De ideas. Me quedo con una frase de Bilardo: &#8216;Los nuestros son los de celeste y blanco, los de enfrente son de otro equipo. P\u00e1sensela a los nuestros&#8217;\u201d, dijo Santilli ante los medios que se hicieron presentes. \u201cHace muchos a\u00f1os que venimos trabajando en equipo con Diego y con Horacio.<\/p>\n<p>Vamos a llevar la transformaci\u00f3n que se hizo en la Ciudad a Hurlingham, y con el Colo a toda la Provincia de\u00a0 Buenos Aires\u201d, expres\u00f3 por su parte Lucas Delfino, primer candidato a concejal. \u201cTenemos que competir, ver quien tiene una mejor idea, mejor propuesta y que la gente decida, porque se trata de eso. La gente es la que decide. Nuestra forma de hacer las cosas es estar, escuchar y trabajar para solucionar\u201d, agreg\u00f3 Santilli. \u00abHoy tenemos problemas m\u00e1s profundos de los que ten\u00edamos. M\u00e1s pobreza, m\u00e1s falta de trabajo, m\u00e1s inseguridad, m\u00e1s angustia, porque no sabes que futuro le vas a poder dar a tus hijos cuando las aulas est\u00e1n cerradas hace un a\u00f1o y medio.<\/p>\n<p>Esas cosas duelen, y ese dolor se nota en la calle\u201d, complet\u00f3. Minutos antes de comenzar la caminata, Santilli comparti\u00f3 un caf\u00e9 con los vecinos de la Ciudad : Carlos Gamarra (Director de Colegio), Anabella Morreale (maestra), Susana Dalvano (vecina de Parque Johnston), Gabriel Larayo (comerciante y voluntario de merendero), Beatriz Rold\u00e1n (encargada de comedor), Marta Rastepo (abuela tejedora) y Silvia Armargnac (abogada y fiscal), entre otros.<\/p>\n","protected":false},"excerpt":{"rendered":"<p>El precandidato a diputado nacional por Juntos, Diego Santilli, comparti\u00f3 un caf\u00e9 con vecinos y recorri\u00f3 ayer martes por la ma\u00f1ana la ciudad de Hurlingham acompa\u00f1ado por Lucas Delfino, primer candidato a concejal. \u201cNuestro adversario es el kirchnerismo. No le hagamos el caldo gordo al kirchnerismo. Nosotros tenemos que tener una primaria sana, propositiva. De [&hellip;]<\/p>\n","protected":false},"author":2,"featured_media":33894,"comment_status":"open","ping_status":"open","sticky":false,"template":"","format":"standard","meta":{"_et_pb_use_builder":"","_et_pb_old_content":"","_et_gb_content_width":"","footnotes":""},"categories":[34,13],"tags":[],"class_list":["post-33893","post","type-post","status-publish","format-standard","has-post-thumbnail","hentry","category-politica","category-provincia"],"_links":{"self":[{"href":"https:\/\/vocesdebaires.com.ar\/index.php\/wp-json\/wp\/v2\/posts\/33893"}],"collection":[{"href":"https:\/\/vocesdebaires.com.ar\/index.php\/wp-json\/wp\/v2\/posts"}],"about":[{"href":"https:\/\/vocesdebaires.com.ar\/index.php\/wp-json\/wp\/v2\/types\/post"}],"author":[{"embeddable":true,"href":"https:\/\/vocesdebaires.com.ar\/index.php\/wp-json\/wp\/v2\/users\/2"}],"replies":[{"embeddable":true,"href":"https:\/\/vocesdebaires.com.ar\/index.php\/wp-json\/wp\/v2\/comments?post=33893"}],"version-history":[{"count":1,"href":"https:\/\/vocesdebaires.com.ar\/index.php\/wp-json\/wp\/v2\/posts\/33893\/revisions"}],"predecessor-version":[{"id":33895,"href":"https:\/\/vocesdebaires.com.ar\/index.php\/wp-json\/wp\/v2\/posts\/33893\/revisions\/33895"}],"wp:featuredmedia":[{"embeddable":true,"href":"https:\/\/vocesdebaires.com.ar\/index.php\/wp-json\/wp\/v2\/media\/33894"}],"wp:attachment":[{"href":"https:\/\/vocesdebaires.com.ar\/index.php\/wp-json\/wp\/v2\/media?parent=33893"}],"wp:term":[{"taxonomy":"category","embeddable":true,"href":"https:\/\/vocesdebaires.com.ar\/index.php\/wp-json\/wp\/v2\/categories?post=33893"},{"taxonomy":"post_tag","embeddable":true,"href":"https:\/\/vocesdebaires.com.ar\/index.php\/wp-json\/wp\/v2\/tags?post=33893"}],"curies":[{"name":"wp","href":"https:\/\/api.w.org\/{rel}","templated":true}]}}