{"id":33912,"date":"2021-07-30T00:00:59","date_gmt":"2021-07-30T03:00:59","guid":{"rendered":"https:\/\/vocesdebaires.com.ar\/?p=33912"},"modified":"2021-07-29T23:49:13","modified_gmt":"2021-07-30T02:49:13","slug":"bajante-del-parana-ambientedespliega-recursos-a-la-emergencia-hidrica","status":"publish","type":"post","link":"https:\/\/vocesdebaires.com.ar\/index.php\/2021\/07\/30\/bajante-del-parana-ambientedespliega-recursos-a-la-emergencia-hidrica\/","title":{"rendered":"Bajante del Paran\u00e1: Despliegan recursos a la emergencia h\u00eddrica"},"content":{"rendered":"<p>El Ministerio de Ambiente y Desarrollo Sostenible,a trav\u00e9s del Servicio Nacional de Manejo del Fuego, lidera las acciones de articulaci\u00f3n entre los organismos involucrados para controlar los incendios en la zona mientras dure la emergencia h\u00eddrica derivada de la bajante hist\u00f3rica del Paran\u00e1. Al respecto, el ministro de Ambiente nacional dijo que \u201csi bien el r\u00edo Paran\u00e1 tiene ciclos de bajantes y crecientes, la intensa sequ\u00eda del Paran\u00e1 como evento extremo con origen en el cambio clim\u00e1tico, la deforestaci\u00f3n en la cuenca y la reducci\u00f3n de los humedales acent\u00faan la problem\u00e1tica\u201d.<\/p>\n<p>Asimismo, Cabandi\u00e9 puso especial atenci\u00f3n en los focos \u00edgneos en la zona de las islas del delta relacionados con la bajante del Paran\u00e1: \u201cLos incendios forestales se ven favorecidos por la sequ\u00eda, sobre todo cuando se quema en pleno invierno, como ocurre este a\u00f1o y como pas\u00f3 en 2020 y en 2008\u201d. En este contexto, el Ministerio de Ambiente y Desarrollo Sostenible de la Naci\u00f3n arbitra los medios necesarios para controlar los incendios en las zonas de islas y m\u00e1rgenes mientras dure la emergencia. Por ello, de acuerdo a las competencias establecidas por el decreto nacional, la cartera que lidera Cabandi\u00e9 articula con los ministerios de Seguridad y Defensa en pos de garantizar este objetivo.<\/p>\n<p>En esta direcci\u00f3n, se refuerzan los recursos en el lugar para robustecer la contenci\u00f3n de incendios forestales: el Servicio Nacional de Manejo del Fuego (SNMF) articula una base de operaciones en Victoria, Entre R\u00edos, para brindar respuesta a emergencias en el delta medio, la que ya cuenta con 12 combatientes de la Brigada Nacional que llegaron desde el sur del pa\u00eds y tendr\u00e1n presencia permanente; el Ministerio de Seguridad suma 10 brigadistas m\u00e1s de la Brigada de la Polic\u00eda Federal Argentina con base en el delta bajo, en el norte de la provincia de Buenos Aires. La Administraci\u00f3n de Parques Nacionales tiene a disposici\u00f3n otros 10 brigadistas, de las \u00e1reas protegidas Ciervo de los Pantanos y Pre-Delta.<\/p>\n<p>En tanto, se despliega un helic\u00f3ptero del Ej\u00e9rcito Argentino, dispuesto por el Ministerio de Defensa, y est\u00e1n a disposici\u00f3n las lanchas en el marco de la iniciativa Faros de Conservaci\u00f3n que lidera el Ministerio de Ambiente. Todo sumado a las cuadrillas ya presentes de las jurisdicciones involucradas. A su vez, la cartera de Ambiente nacional brinda capacitaciones a cargo del SNMF para estandarizar la formaci\u00f3n de las brigadas provinciales y fortalecer las capacidades te\u00f3rico-pr\u00e1cticas de los brigadistas forestales. En Entre R\u00edos se desarroll\u00f3 el ciclo para combatientes de incendios de esa provincia, dictado por Naci\u00f3n en Gualeguay, Paran\u00e1 y Victoria.<\/p>\n<p>En tanto para Santa Fe, desde el SNMF se instruy\u00f3 a la nueva Brigada de Emergencias provincial, personal de la Guardia Rural Los Pumas y Bomberos Zapadores. Cabe recordar que el Ministerio, a trav\u00e9s del SNMF, elabora un reporte diario sobre las \u00e1reas afectadas y los recursos desplegados. Hoy se registra en la localidad entrerriana de Victoria un incendio activo, al que se sumar\u00e1n los brigadistas desplegados por el Gobierno nacional para colaborar en su combate, en el que trabaja personal de dicha provincia y Santa Fe.<\/p>\n","protected":false},"excerpt":{"rendered":"<p>El Ministerio de Ambiente y Desarrollo Sostenible,a trav\u00e9s del Servicio Nacional de Manejo del Fuego, lidera las acciones de articulaci\u00f3n entre los organismos involucrados para controlar los incendios en la zona mientras dure la emergencia h\u00eddrica derivada de la bajante hist\u00f3rica del Paran\u00e1. Al respecto, el ministro de Ambiente nacional dijo que \u201csi bien el [&hellip;]<\/p>\n","protected":false},"author":3,"featured_media":33913,"comment_status":"open","ping_status":"open","sticky":false,"template":"","format":"standard","meta":{"_et_pb_use_builder":"","_et_pb_old_content":"","_et_gb_content_width":"","footnotes":""},"categories":[34,13],"tags":[],"class_list":["post-33912","post","type-post","status-publish","format-standard","has-post-thumbnail","hentry","category-politica","category-provincia"],"_links":{"self":[{"href":"https:\/\/vocesdebaires.com.ar\/index.php\/wp-json\/wp\/v2\/posts\/33912"}],"collection":[{"href":"https:\/\/vocesdebaires.com.ar\/index.php\/wp-json\/wp\/v2\/posts"}],"about":[{"href":"https:\/\/vocesdebaires.com.ar\/index.php\/wp-json\/wp\/v2\/types\/post"}],"author":[{"embeddable":true,"href":"https:\/\/vocesdebaires.com.ar\/index.php\/wp-json\/wp\/v2\/users\/3"}],"replies":[{"embeddable":true,"href":"https:\/\/vocesdebaires.com.ar\/index.php\/wp-json\/wp\/v2\/comments?post=33912"}],"version-history":[{"count":3,"href":"https:\/\/vocesdebaires.com.ar\/index.php\/wp-json\/wp\/v2\/posts\/33912\/revisions"}],"predecessor-version":[{"id":33916,"href":"https:\/\/vocesdebaires.com.ar\/index.php\/wp-json\/wp\/v2\/posts\/33912\/revisions\/33916"}],"wp:featuredmedia":[{"embeddable":true,"href":"https:\/\/vocesdebaires.com.ar\/index.php\/wp-json\/wp\/v2\/media\/33913"}],"wp:attachment":[{"href":"https:\/\/vocesdebaires.com.ar\/index.php\/wp-json\/wp\/v2\/media?parent=33912"}],"wp:term":[{"taxonomy":"category","embeddable":true,"href":"https:\/\/vocesdebaires.com.ar\/index.php\/wp-json\/wp\/v2\/categories?post=33912"},{"taxonomy":"post_tag","embeddable":true,"href":"https:\/\/vocesdebaires.com.ar\/index.php\/wp-json\/wp\/v2\/tags?post=33912"}],"curies":[{"name":"wp","href":"https:\/\/api.w.org\/{rel}","templated":true}]}}