{"id":33919,"date":"2021-07-30T00:00:52","date_gmt":"2021-07-30T03:00:52","guid":{"rendered":"https:\/\/vocesdebaires.com.ar\/?p=33919"},"modified":"2021-07-29T23:53:39","modified_gmt":"2021-07-30T02:53:39","slug":"santilli-y-el-intendente-posse-se-reunieron-con-vecinos","status":"publish","type":"post","link":"https:\/\/vocesdebaires.com.ar\/index.php\/2021\/07\/30\/santilli-y-el-intendente-posse-se-reunieron-con-vecinos\/","title":{"rendered":"Santilli y el intendente Posse, se reunieron con vecinos"},"content":{"rendered":"<p>El precandidato a diputado nacional por Juntos Diego Santilli y el intendente de San Isidro, Gustavo Posse, se reunieron con vecinos y comerciantes de la localidad de Villa Adelina, en el municipio de San Isidro. Tambi\u00e9n estuvo el primer candidato a concejal, el Dr. Juan Viaggio, y acompa\u00f1\u00f3 el Dr. Daniel Rosetti. \u201cLe agradezco a Gustavo por su apoyo. Es un intendente reconocido por su gesti\u00f3n. Tanto \u00e9l como Diego Valenzuela o N\u00e9stor Grindetti son dirigentes que enfrentan los problemas y los resuelven. Eso es muy valorado por los vecinos\u201d, sostuvo Santilli.<\/p>\n<p>\u201cLa gente quiere que le solucionen los problemas de hoy y del futuro, no quiere hablar del pasado. Quiere que sus hijos est\u00e9n en el colegio y proyectar sus sue\u00f1os y quieren seguridad\u201d, agreg\u00f3. \u201cNosotros estamos para sumar. La gente nos pide propuestas e ideas para salir adelante. Por mi parte, no van a escuchar nada de agresiones. En esta primaria tenemos que tratar de entender al ciudadano y qu\u00e9 es lo que necesita para salir adelante\u201d, respondi\u00f3 respecto a la marcha de la campa\u00f1a electoral. \u201cSe juega un proyecto de pa\u00eds. Hacia d\u00f3nde queremos ir.<\/p>\n<p>Un pa\u00eds que te incluye, que genera trabajo, que te escucha, que te entiende, que conf\u00eda en tus proyectos. O quer\u00e9s un pa\u00eds que te reta, te maltrata y que te echa la culpa\u201d, enfatiz\u00f3. \u201cLa gente quer\u00eda que nos juntemos y vieron muy bien esta propuesta\u201d, subray\u00f3 Posse. \u201cLa gesti\u00f3n es un diferencial. La cuesti\u00f3n de las autonom\u00edas provinciales es un tema que Diego tiene muy asumido porque viene de defender la autonom\u00eda de la Ciudad\u00bb. \u201cTiene que ser una PASO donde todos podamos crecer. No tenemos que lastimarnos\u201d, concluy\u00f3.<\/p>\n","protected":false},"excerpt":{"rendered":"<p>El precandidato a diputado nacional por Juntos Diego Santilli y el intendente de San Isidro, Gustavo Posse, se reunieron con vecinos y comerciantes de la localidad de Villa Adelina, en el municipio de San Isidro. Tambi\u00e9n estuvo el primer candidato a concejal, el Dr. Juan Viaggio, y acompa\u00f1\u00f3 el Dr. Daniel Rosetti. \u201cLe agradezco a [&hellip;]<\/p>\n","protected":false},"author":2,"featured_media":33920,"comment_status":"open","ping_status":"open","sticky":false,"template":"","format":"standard","meta":{"_et_pb_use_builder":"","_et_pb_old_content":"","_et_gb_content_width":"","footnotes":""},"categories":[34,13],"tags":[],"class_list":["post-33919","post","type-post","status-publish","format-standard","has-post-thumbnail","hentry","category-politica","category-provincia"],"_links":{"self":[{"href":"https:\/\/vocesdebaires.com.ar\/index.php\/wp-json\/wp\/v2\/posts\/33919"}],"collection":[{"href":"https:\/\/vocesdebaires.com.ar\/index.php\/wp-json\/wp\/v2\/posts"}],"about":[{"href":"https:\/\/vocesdebaires.com.ar\/index.php\/wp-json\/wp\/v2\/types\/post"}],"author":[{"embeddable":true,"href":"https:\/\/vocesdebaires.com.ar\/index.php\/wp-json\/wp\/v2\/users\/2"}],"replies":[{"embeddable":true,"href":"https:\/\/vocesdebaires.com.ar\/index.php\/wp-json\/wp\/v2\/comments?post=33919"}],"version-history":[{"count":1,"href":"https:\/\/vocesdebaires.com.ar\/index.php\/wp-json\/wp\/v2\/posts\/33919\/revisions"}],"predecessor-version":[{"id":33921,"href":"https:\/\/vocesdebaires.com.ar\/index.php\/wp-json\/wp\/v2\/posts\/33919\/revisions\/33921"}],"wp:featuredmedia":[{"embeddable":true,"href":"https:\/\/vocesdebaires.com.ar\/index.php\/wp-json\/wp\/v2\/media\/33920"}],"wp:attachment":[{"href":"https:\/\/vocesdebaires.com.ar\/index.php\/wp-json\/wp\/v2\/media?parent=33919"}],"wp:term":[{"taxonomy":"category","embeddable":true,"href":"https:\/\/vocesdebaires.com.ar\/index.php\/wp-json\/wp\/v2\/categories?post=33919"},{"taxonomy":"post_tag","embeddable":true,"href":"https:\/\/vocesdebaires.com.ar\/index.php\/wp-json\/wp\/v2\/tags?post=33919"}],"curies":[{"name":"wp","href":"https:\/\/api.w.org\/{rel}","templated":true}]}}