{"id":33934,"date":"2021-08-02T00:00:28","date_gmt":"2021-08-02T03:00:28","guid":{"rendered":"https:\/\/vocesdebaires.com.ar\/?p=33934"},"modified":"2021-08-01T20:18:10","modified_gmt":"2021-08-01T23:18:10","slug":"mataderosdetuvieron-a-un-hombre-en-moto-con-una-licencia-falsa","status":"publish","type":"post","link":"https:\/\/vocesdebaires.com.ar\/index.php\/2021\/08\/02\/mataderosdetuvieron-a-un-hombre-en-moto-con-una-licencia-falsa\/","title":{"rendered":"Mataderos:Detuvieron a un hombre en moto con una licencia falsa"},"content":{"rendered":"<p>Ocurri\u00f3 por la tarde cuando personal del Anillo Digital de la Polic\u00eda de la Ciudad detuvo para identificar a un hombre que circulaba en una moto en el cruce de la avenida General Paz y Juan Bautista Alberdi. Con la presencia del cuerpo de Agentes de Tr\u00e1nsito del Ministerio de Justicia y Seguridad, los efectivos tomaron los datos del conductor y corroboraron que presentaba una licencia de conducir ap\u00f3crifa. Ante esta situaci\u00f3n, el involucrado result\u00f3 detenido por instrucci\u00f3n de la Mesa de Flagrancia a cargo del Dr. Aymeric, por el delito de \u201cfalsificaci\u00f3n de documento p\u00fablico\u201d. La moto, en tanto, fue secuestrada junto con la c\u00e9dula falsa.<\/p>\n","protected":false},"excerpt":{"rendered":"<p>Ocurri\u00f3 por la tarde cuando personal del Anillo Digital de la Polic\u00eda de la Ciudad detuvo para identificar a un hombre que circulaba en una moto en el cruce de la avenida General Paz y Juan Bautista Alberdi. Con la presencia del cuerpo de Agentes de Tr\u00e1nsito del Ministerio de Justicia y Seguridad, los efectivos [&hellip;]<\/p>\n","protected":false},"author":3,"featured_media":33935,"comment_status":"open","ping_status":"open","sticky":false,"template":"","format":"standard","meta":{"_et_pb_use_builder":"","_et_pb_old_content":"","_et_gb_content_width":"","footnotes":""},"categories":[11,32],"tags":[],"class_list":["post-33934","post","type-post","status-publish","format-standard","has-post-thumbnail","hentry","category-ciudad","category-comunas"],"_links":{"self":[{"href":"https:\/\/vocesdebaires.com.ar\/index.php\/wp-json\/wp\/v2\/posts\/33934"}],"collection":[{"href":"https:\/\/vocesdebaires.com.ar\/index.php\/wp-json\/wp\/v2\/posts"}],"about":[{"href":"https:\/\/vocesdebaires.com.ar\/index.php\/wp-json\/wp\/v2\/types\/post"}],"author":[{"embeddable":true,"href":"https:\/\/vocesdebaires.com.ar\/index.php\/wp-json\/wp\/v2\/users\/3"}],"replies":[{"embeddable":true,"href":"https:\/\/vocesdebaires.com.ar\/index.php\/wp-json\/wp\/v2\/comments?post=33934"}],"version-history":[{"count":1,"href":"https:\/\/vocesdebaires.com.ar\/index.php\/wp-json\/wp\/v2\/posts\/33934\/revisions"}],"predecessor-version":[{"id":33936,"href":"https:\/\/vocesdebaires.com.ar\/index.php\/wp-json\/wp\/v2\/posts\/33934\/revisions\/33936"}],"wp:featuredmedia":[{"embeddable":true,"href":"https:\/\/vocesdebaires.com.ar\/index.php\/wp-json\/wp\/v2\/media\/33935"}],"wp:attachment":[{"href":"https:\/\/vocesdebaires.com.ar\/index.php\/wp-json\/wp\/v2\/media?parent=33934"}],"wp:term":[{"taxonomy":"category","embeddable":true,"href":"https:\/\/vocesdebaires.com.ar\/index.php\/wp-json\/wp\/v2\/categories?post=33934"},{"taxonomy":"post_tag","embeddable":true,"href":"https:\/\/vocesdebaires.com.ar\/index.php\/wp-json\/wp\/v2\/tags?post=33934"}],"curies":[{"name":"wp","href":"https:\/\/api.w.org\/{rel}","templated":true}]}}