{"id":33937,"date":"2021-08-02T00:00:59","date_gmt":"2021-08-02T03:00:59","guid":{"rendered":"https:\/\/vocesdebaires.com.ar\/?p=33937"},"modified":"2021-08-01T20:21:42","modified_gmt":"2021-08-01T23:21:42","slug":"en-la-ciudadtres-clausuras-en-metaleras-de-mataderos","status":"publish","type":"post","link":"https:\/\/vocesdebaires.com.ar\/index.php\/2021\/08\/02\/en-la-ciudadtres-clausuras-en-metaleras-de-mataderos\/","title":{"rendered":"En la ciudad:Tres clausuras en metaleras de Mataderos"},"content":{"rendered":"<p>Personal de la Divisi\u00f3n Operaciones Especiales Requeridas y de la Divisi\u00f3n Investigaciones Delictivas de la Polic\u00eda de la Ciudad, solicitado por el Ministerio P\u00fablico, encabez\u00f3 una serie de procedimientos con representantes de las empresas Telecom y Telef\u00f3nica, en el marco de una investigaci\u00f3n por la sustracci\u00f3n de cables de telefon\u00eda y fibra \u00f3ptica.Adem\u00e1s, particip\u00f3 de las inspecciones personal de la Direcci\u00f3n de Coordinaci\u00f3n Operativa, dependiente de la Subsecretar\u00eda de Seguridad Ciudadana. Los efectivos se acercaron a galpones ubicados en Garz\u00f3n al 5700 y Eva Per\u00f3n al 5300 y 7200, en Mataderos, los cuales fueron clausurados por la AGC luego de encontrarlos con fallas administrativas y en las condiciones de salubridad.<\/p>\n<p>En el local de Eva Per\u00f3n al 5300, se constat\u00f3 que se hab\u00eda violado una clausura previa, por lo que se notific\u00f3 al encargado, de 45 a\u00f1os, y con la anuencia de la Fiscal\u00eda Penal, Contravencional y de Faltas N\u00famero 30, a cargo del doctor Diego Espada y ante la Secretar\u00eda \u00danica de la doctora Cecilia Santiago, se volvi\u00f3 a cerrar. En el dep\u00f3sito de Lacarra al 200, en Flores, se levant\u00f3 un acta por irregularidades en la habilitaci\u00f3n y el galp\u00f3n de Basualdo al 1600, en Mataderos, se encontr\u00f3 cerrado. Siguiendo la misma l\u00ednea de investigaci\u00f3n, d\u00edas atr\u00e1s se hicieron inspecciones en dep\u00f3sitos en Constituci\u00f3n y Retiro, donde se incautaron m\u00e1s de 118 kilogramos de cables de cobre y fibra \u00f3ptica de procedencia ilegal y se cerraron cinco locales.<\/p>\n","protected":false},"excerpt":{"rendered":"<p>Personal de la Divisi\u00f3n Operaciones Especiales Requeridas y de la Divisi\u00f3n Investigaciones Delictivas de la Polic\u00eda de la Ciudad, solicitado por el Ministerio P\u00fablico, encabez\u00f3 una serie de procedimientos con representantes de las empresas Telecom y Telef\u00f3nica, en el marco de una investigaci\u00f3n por la sustracci\u00f3n de cables de telefon\u00eda y fibra \u00f3ptica.Adem\u00e1s, particip\u00f3 de [&hellip;]<\/p>\n","protected":false},"author":3,"featured_media":33938,"comment_status":"open","ping_status":"open","sticky":false,"template":"","format":"standard","meta":{"_et_pb_use_builder":"","_et_pb_old_content":"","_et_gb_content_width":"","footnotes":""},"categories":[11,32],"tags":[],"class_list":["post-33937","post","type-post","status-publish","format-standard","has-post-thumbnail","hentry","category-ciudad","category-comunas"],"_links":{"self":[{"href":"https:\/\/vocesdebaires.com.ar\/index.php\/wp-json\/wp\/v2\/posts\/33937"}],"collection":[{"href":"https:\/\/vocesdebaires.com.ar\/index.php\/wp-json\/wp\/v2\/posts"}],"about":[{"href":"https:\/\/vocesdebaires.com.ar\/index.php\/wp-json\/wp\/v2\/types\/post"}],"author":[{"embeddable":true,"href":"https:\/\/vocesdebaires.com.ar\/index.php\/wp-json\/wp\/v2\/users\/3"}],"replies":[{"embeddable":true,"href":"https:\/\/vocesdebaires.com.ar\/index.php\/wp-json\/wp\/v2\/comments?post=33937"}],"version-history":[{"count":1,"href":"https:\/\/vocesdebaires.com.ar\/index.php\/wp-json\/wp\/v2\/posts\/33937\/revisions"}],"predecessor-version":[{"id":33939,"href":"https:\/\/vocesdebaires.com.ar\/index.php\/wp-json\/wp\/v2\/posts\/33937\/revisions\/33939"}],"wp:featuredmedia":[{"embeddable":true,"href":"https:\/\/vocesdebaires.com.ar\/index.php\/wp-json\/wp\/v2\/media\/33938"}],"wp:attachment":[{"href":"https:\/\/vocesdebaires.com.ar\/index.php\/wp-json\/wp\/v2\/media?parent=33937"}],"wp:term":[{"taxonomy":"category","embeddable":true,"href":"https:\/\/vocesdebaires.com.ar\/index.php\/wp-json\/wp\/v2\/categories?post=33937"},{"taxonomy":"post_tag","embeddable":true,"href":"https:\/\/vocesdebaires.com.ar\/index.php\/wp-json\/wp\/v2\/tags?post=33937"}],"curies":[{"name":"wp","href":"https:\/\/api.w.org\/{rel}","templated":true}]}}