{"id":33943,"date":"2021-08-02T00:00:37","date_gmt":"2021-08-02T03:00:37","guid":{"rendered":"https:\/\/vocesdebaires.com.ar\/?p=33943"},"modified":"2021-08-01T21:19:14","modified_gmt":"2021-08-02T00:19:14","slug":"nunez-detuvieron-dos-motochorros-tras-robarle-a-un-hombre","status":"publish","type":"post","link":"https:\/\/vocesdebaires.com.ar\/index.php\/2021\/08\/02\/nunez-detuvieron-dos-motochorros-tras-robarle-a-un-hombre\/","title":{"rendered":"N\u00fa\u00f1ez: Detuvieron dos motochorros tras robarle a un hombre"},"content":{"rendered":"<p>Personal de la Comisar\u00eda Vecinal 13 B de la Polic\u00eda de la Ciudad se encontraba de recorrida por la zona cuando observ\u00f3 en el cruce de las calles Cuba y Guayra a dos hombres rob\u00e1ndole elementos al conductor de un autom\u00f3vil Ford Focus que estaba detenido frente a un domicilio. Los ladrones de inmediato se dieron a la fuga en dos motos que los estaban esperando.<\/p>\n<p>Con la colaboraci\u00f3n de las c\u00e1maras de seguridad se irradi\u00f3 un alerta y uno de los rodados fue detenido en la intersecci\u00f3n de avenida Congreso con 11 de Septiembre. Luego, los efectivos se pusieron en contacto con el damnificado, un hombre de 68 a\u00f1os, que indic\u00f3 que mientras esperaba que su mujer le abr\u00eda el port\u00f3n para ingresar, los delincuentes se le acercaron y le arrebataron un reloj Rolex y 700 pesos, adem\u00e1s de ocasionarle lastimaduras en el brazo.<\/p>\n<p>Los delincuentes detenidos no ten\u00edan los elementos robados, aunque se les secuestr\u00f3 la moto marca Bajaj utilizada para cometer el il\u00edcito. Intervinieron el Juzgado Nacional en lo Criminal y Correccional N\u00famero 3, a cargo de la doctora Laura Brunard y ante la Secretar\u00eda 110 del doctor Ponce, y la Fiscal\u00eda Circuito Saavedra-N\u00fa\u00f1ez, a cargo del doctor Jos\u00e9 Mar\u00eda Campagnoli y ante la Secretar\u00eda de la doctora Del Buono, y se dispuso el traslado de los ladrones a la dependencia policial y la declaraci\u00f3n testimonial del damnificado.<\/p>\n","protected":false},"excerpt":{"rendered":"<p>Personal de la Comisar\u00eda Vecinal 13 B de la Polic\u00eda de la Ciudad se encontraba de recorrida por la zona cuando observ\u00f3 en el cruce de las calles Cuba y Guayra a dos hombres rob\u00e1ndole elementos al conductor de un autom\u00f3vil Ford Focus que estaba detenido frente a un domicilio. Los ladrones de inmediato se [&hellip;]<\/p>\n","protected":false},"author":3,"featured_media":33958,"comment_status":"open","ping_status":"open","sticky":false,"template":"","format":"standard","meta":{"_et_pb_use_builder":"","_et_pb_old_content":"","_et_gb_content_width":"","footnotes":""},"categories":[11,32],"tags":[],"class_list":["post-33943","post","type-post","status-publish","format-standard","has-post-thumbnail","hentry","category-ciudad","category-comunas"],"_links":{"self":[{"href":"https:\/\/vocesdebaires.com.ar\/index.php\/wp-json\/wp\/v2\/posts\/33943"}],"collection":[{"href":"https:\/\/vocesdebaires.com.ar\/index.php\/wp-json\/wp\/v2\/posts"}],"about":[{"href":"https:\/\/vocesdebaires.com.ar\/index.php\/wp-json\/wp\/v2\/types\/post"}],"author":[{"embeddable":true,"href":"https:\/\/vocesdebaires.com.ar\/index.php\/wp-json\/wp\/v2\/users\/3"}],"replies":[{"embeddable":true,"href":"https:\/\/vocesdebaires.com.ar\/index.php\/wp-json\/wp\/v2\/comments?post=33943"}],"version-history":[{"count":1,"href":"https:\/\/vocesdebaires.com.ar\/index.php\/wp-json\/wp\/v2\/posts\/33943\/revisions"}],"predecessor-version":[{"id":33945,"href":"https:\/\/vocesdebaires.com.ar\/index.php\/wp-json\/wp\/v2\/posts\/33943\/revisions\/33945"}],"wp:featuredmedia":[{"embeddable":true,"href":"https:\/\/vocesdebaires.com.ar\/index.php\/wp-json\/wp\/v2\/media\/33958"}],"wp:attachment":[{"href":"https:\/\/vocesdebaires.com.ar\/index.php\/wp-json\/wp\/v2\/media?parent=33943"}],"wp:term":[{"taxonomy":"category","embeddable":true,"href":"https:\/\/vocesdebaires.com.ar\/index.php\/wp-json\/wp\/v2\/categories?post=33943"},{"taxonomy":"post_tag","embeddable":true,"href":"https:\/\/vocesdebaires.com.ar\/index.php\/wp-json\/wp\/v2\/tags?post=33943"}],"curies":[{"name":"wp","href":"https:\/\/api.w.org\/{rel}","templated":true}]}}