{"id":33947,"date":"2021-08-02T00:00:33","date_gmt":"2021-08-02T03:00:33","guid":{"rendered":"https:\/\/vocesdebaires.com.ar\/?p=33947"},"modified":"2021-08-01T21:05:50","modified_gmt":"2021-08-02T00:05:50","slug":"santilli-aseguro-para-sacar-al-pais-es-estar-cerca-y-al-lado-de-la-gente","status":"publish","type":"post","link":"https:\/\/vocesdebaires.com.ar\/index.php\/2021\/08\/02\/santilli-aseguro-para-sacar-al-pais-es-estar-cerca-y-al-lado-de-la-gente\/","title":{"rendered":"Santilli: Aseguro, para sacar al pa\u00eds es \u00abestar cerca y al lado de la gente\u00bb"},"content":{"rendered":"<p>El precandidato a diputado nacional de Juntos por la Provincia, Diego Santilli, asegur\u00f3 el pasado viernes que el camino para sacar el pa\u00eds y la Provincia adelante es \u201cestando cerca y al lado de la gente y consolidando nuestros valores\u201d, tras mantener una charla junto a vecinos y comerciantes del municipio Mor\u00f3n, acompa\u00f1ado por Ramiro Tagliaferro, y el precandidato a concejal Leandro Urgatemend\u00eda. \u201cEl camino para sacar la Provincia adelante es estar cerca y al lado de la gente, aprender, mejorar y corregir los errores, pero tambi\u00e9n consolidar los valores que representa nuestro espacio\u201d, sostuvo Santilli, y remarc\u00f3 que desde Juntos \u201ctrabajamos para consolidar un pa\u00eds con los chicos en las escuelas, que podamos vivir en libertad y sin tener miedo\u201d.<br \/>\n\u00abEn esta elecci\u00f3n se pone en juego qu\u00e9 pa\u00eds y qu\u00e9 provincia queremos y hacia donde vamos como sociedad.<\/p>\n<p>Si queremos un pa\u00eds donde fruto del esfuerzo proyectes un futuro mejor, con tus hijos en la escuela, y que podamos vivir en libertad sin tener miedo. Un pa\u00eds y una provincia donde tus hijos se puedan educar y luchar por sus sue\u00f1os; donde podamos bajar la inflaci\u00f3n, que te carcome el salario todos los meses; donde los delincuentes est\u00e9n en la c\u00e1rcel y no en las calles; ese es el pa\u00eds que nosotros queremos para los bonaerenses y los argentinos\u00bb, asegur\u00f3 el precandidato a diputado nacional. En ese marco, el dirigente de Juntos mantuvo una charla junto a familiares de v\u00edctimas de hechos de violencia. \u201cDuele escuchar cada uno de sus relatos. En estos casos ten\u00e9s que contener, recibirle su denuncia, acompa\u00f1ar otra vez por si siente que no se la escucha, que no se la cuida, que no se la trata\u201d, remarc\u00f3.<\/p>\n<p>Asegur\u00f3 que piensa sacar la Provincia adelante \u201cponiendo el cuerpo, trabajando porque tenemos el equipo, la experiencia para darnos futuro a todos\u201d; y en ese punto, grafic\u00f3: \u201clos chicos van a estar en las escuelas, creciendo y proyectando su vida\u201d. Asimismo, llam\u00f3 a la \u201creflexi\u00f3n\u201d y pidi\u00f3 \u201cbajar la tensi\u00f3n\u201d frente a las discusiones entre los candidatos en el marco de las internas partidarias. \u201cLlamo a la calma, a la reflexi\u00f3n. Estas discusiones, esta elevaci\u00f3n de tensi\u00f3n lo \u00fanico que hacen es lastimar a la gente y ac\u00e1 nosotros venimos a cuidar a la gente y no a que sufra este tipo de cosas\u201d, se\u00f1al\u00f3 Santilli.<\/p>\n<p>Por su parte, el ex intendente de Mor\u00f3n, Ramiro Tagliaferro, asegur\u00f3 que desde Juntos \u201cvamos a seguir trabajando porque no nos vamos a resignar a vivir de otra manera\u201d, al cuestionar la inseguridad por la que atraviesa el distrito con n\u00fameros alarmantes en materia delictiva. \u201cQueremos lograr transformar lo que es una asignatura pendiente, esto de vivir en libertad, de vivir disfrutando nuestro barrio, disfrutar de nuestra gente, de las plazas, y disfrutar del espacio urbano que hab\u00edamos recuperado\u201d, finaliz\u00f3 Tagliaferro, precandidato a senador provincial.<\/p>\n","protected":false},"excerpt":{"rendered":"<p>El precandidato a diputado nacional de Juntos por la Provincia, Diego Santilli, asegur\u00f3 el pasado viernes que el camino para sacar el pa\u00eds y la Provincia adelante es \u201cestando cerca y al lado de la gente y consolidando nuestros valores\u201d, tras mantener una charla junto a vecinos y comerciantes del municipio Mor\u00f3n, acompa\u00f1ado por Ramiro [&hellip;]<\/p>\n","protected":false},"author":2,"featured_media":33948,"comment_status":"open","ping_status":"open","sticky":false,"template":"","format":"standard","meta":{"_et_pb_use_builder":"","_et_pb_old_content":"","_et_gb_content_width":"","footnotes":""},"categories":[34,13],"tags":[],"class_list":["post-33947","post","type-post","status-publish","format-standard","has-post-thumbnail","hentry","category-politica","category-provincia"],"_links":{"self":[{"href":"https:\/\/vocesdebaires.com.ar\/index.php\/wp-json\/wp\/v2\/posts\/33947"}],"collection":[{"href":"https:\/\/vocesdebaires.com.ar\/index.php\/wp-json\/wp\/v2\/posts"}],"about":[{"href":"https:\/\/vocesdebaires.com.ar\/index.php\/wp-json\/wp\/v2\/types\/post"}],"author":[{"embeddable":true,"href":"https:\/\/vocesdebaires.com.ar\/index.php\/wp-json\/wp\/v2\/users\/2"}],"replies":[{"embeddable":true,"href":"https:\/\/vocesdebaires.com.ar\/index.php\/wp-json\/wp\/v2\/comments?post=33947"}],"version-history":[{"count":1,"href":"https:\/\/vocesdebaires.com.ar\/index.php\/wp-json\/wp\/v2\/posts\/33947\/revisions"}],"predecessor-version":[{"id":33949,"href":"https:\/\/vocesdebaires.com.ar\/index.php\/wp-json\/wp\/v2\/posts\/33947\/revisions\/33949"}],"wp:featuredmedia":[{"embeddable":true,"href":"https:\/\/vocesdebaires.com.ar\/index.php\/wp-json\/wp\/v2\/media\/33948"}],"wp:attachment":[{"href":"https:\/\/vocesdebaires.com.ar\/index.php\/wp-json\/wp\/v2\/media?parent=33947"}],"wp:term":[{"taxonomy":"category","embeddable":true,"href":"https:\/\/vocesdebaires.com.ar\/index.php\/wp-json\/wp\/v2\/categories?post=33947"},{"taxonomy":"post_tag","embeddable":true,"href":"https:\/\/vocesdebaires.com.ar\/index.php\/wp-json\/wp\/v2\/tags?post=33947"}],"curies":[{"name":"wp","href":"https:\/\/api.w.org\/{rel}","templated":true}]}}