{"id":3395,"date":"2019-02-15T03:00:00","date_gmt":"2019-02-15T06:00:00","guid":{"rendered":"http:\/\/vocesdebaires.com.ar\/wordpress\/index.php\/2019\/02\/15\/ciudad-detuvieron-a-roba-tumbas-de-flores\/"},"modified":"2019-02-15T03:00:00","modified_gmt":"2019-02-15T06:00:00","slug":"ciudad-detuvieron-a-roba-tumbas-de-flores","status":"publish","type":"post","link":"https:\/\/vocesdebaires.com.ar\/index.php\/2019\/02\/15\/ciudad-detuvieron-a-roba-tumbas-de-flores\/","title":{"rendered":"Ciudad detuvieron a roba tumbas de Flores"},"content":{"rendered":"<p>Se trata de dos ciudadanos bolivianos que sustra\u00edan elementos met\u00e1licos de valor de los diferentes nichos del Cementerio de Flores. En respuesta a un llamado al 911, personal de la Comisar\u00eda Vecinal 7A de la Polic\u00eda de la Ciudad fue desplazado hasta el cementerio por la presencia de sujetos merodeando en el interior del predio.Al llegar al lugar, los oficiales se entrevistaron con empleados de la seguridad privada, quienes le afirmaron sobre la presencia de dos hombres que hac\u00eda un rato recorr\u00edan diferentes tumbas en actitud sospechosa.<\/p>\n<p>Los efectivos se acercaron hasta los denunciados para identificarlos y requisarlos frente a la presencia de testigos. Como resultado de las actuaciones policiales fueron encontrados entre las pertenencias de los detenidos varios marcos con la foto de personas fallecidas y s\u00edmbolos religiosos, todos de diferentes metales de valor. Adem\u00e1s se secuestro una punta que utilizaban los delincuentes para desprender los elementos robados de las l\u00e1pidas. Por orden de la Fiscal\u00eda Nacional y Criminal Correccional N\u00ba 29 a cargo del Dr. Herrera, los detenidos fueron trasladados hasta la alcaid\u00eda de la Comisar\u00eda Comunal 7 de la Polic\u00eda de la Ciudad.<\/p>\n","protected":false},"excerpt":{"rendered":"<p>Se trata de dos ciudadanos bolivianos que sustra\u00edan elementos met\u00e1licos de valor de los diferentes nichos del Cementerio de Flores. En respuesta a un llamado al 911, personal de la Comisar\u00eda Vecinal 7A de la Polic\u00eda de la Ciudad fue desplazado hasta el cementerio por la presencia de sujetos merodeando en el interior del predio.Al [&hellip;]<\/p>\n","protected":false},"author":1,"featured_media":3396,"comment_status":"open","ping_status":"open","sticky":false,"template":"","format":"standard","meta":{"_et_pb_use_builder":"","_et_pb_old_content":"","_et_gb_content_width":"","footnotes":""},"categories":[11,33],"tags":[],"class_list":["post-3395","post","type-post","status-publish","format-standard","has-post-thumbnail","hentry","category-ciudad","category-sociedad-y-cultura-2"],"_links":{"self":[{"href":"https:\/\/vocesdebaires.com.ar\/index.php\/wp-json\/wp\/v2\/posts\/3395"}],"collection":[{"href":"https:\/\/vocesdebaires.com.ar\/index.php\/wp-json\/wp\/v2\/posts"}],"about":[{"href":"https:\/\/vocesdebaires.com.ar\/index.php\/wp-json\/wp\/v2\/types\/post"}],"author":[{"embeddable":true,"href":"https:\/\/vocesdebaires.com.ar\/index.php\/wp-json\/wp\/v2\/users\/1"}],"replies":[{"embeddable":true,"href":"https:\/\/vocesdebaires.com.ar\/index.php\/wp-json\/wp\/v2\/comments?post=3395"}],"version-history":[{"count":0,"href":"https:\/\/vocesdebaires.com.ar\/index.php\/wp-json\/wp\/v2\/posts\/3395\/revisions"}],"wp:featuredmedia":[{"embeddable":true,"href":"https:\/\/vocesdebaires.com.ar\/index.php\/wp-json\/wp\/v2\/media\/3396"}],"wp:attachment":[{"href":"https:\/\/vocesdebaires.com.ar\/index.php\/wp-json\/wp\/v2\/media?parent=3395"}],"wp:term":[{"taxonomy":"category","embeddable":true,"href":"https:\/\/vocesdebaires.com.ar\/index.php\/wp-json\/wp\/v2\/categories?post=3395"},{"taxonomy":"post_tag","embeddable":true,"href":"https:\/\/vocesdebaires.com.ar\/index.php\/wp-json\/wp\/v2\/tags?post=3395"}],"curies":[{"name":"wp","href":"https:\/\/api.w.org\/{rel}","templated":true}]}}