{"id":33974,"date":"2021-08-03T00:00:31","date_gmt":"2021-08-03T03:00:31","guid":{"rendered":"https:\/\/vocesdebaires.com.ar\/?p=33974"},"modified":"2021-08-02T23:47:09","modified_gmt":"2021-08-03T02:47:09","slug":"informaron-que-el-trailer-movil-ba-mas-cerca-visito-rosario","status":"publish","type":"post","link":"https:\/\/vocesdebaires.com.ar\/index.php\/2021\/08\/03\/informaron-que-el-trailer-movil-ba-mas-cerca-visito-rosario\/","title":{"rendered":"Informaron que el trailer m\u00f3vil \u201cBA m\u00e1s Cerca\u201d visit\u00f3 Rosario"},"content":{"rendered":"<p>El Ente de Turismo de la Ciudad de Buenos Aires, en conjunto con el Ministerio de Cultura porte\u00f1o, la Secretaria de Turismo y Deporte y la Secretar\u00eda de Cultura y Educaci\u00f3n de Rosario, informaron que el trailer m\u00f3vil \u201cBA m\u00e1s Cerca\u201d visit\u00f3 Rosario durante el \u00faltimo fin de semana. Estuvo ubicado frente al Monumento a la Bandera sobre la calle Est\u00e9vez Boero. \u201cCon gran entusiasmo retomamos las visitas por las diferentes plazas del pa\u00eds, esta vez de la mano de este trailer que nos permitir\u00e1 mostrar todos los atractivos tur\u00edsticos que tiene Buenos Aires y que los puedan disfrutar de forma l\u00fadica y cultural.<\/p>\n<p>Adem\u00e1s, nos permite continuar trabajando en fortalecer el turismo interno a trav\u00e9s de los v\u00ednculos con los destinos que vamos a visitar\u201d, expres\u00f3 Diego Guti\u00e9rrez, director general de Promoci\u00f3n Tur\u00edstica. La propuesta invita al p\u00fablico a conocer los diversos atractivos tur\u00edsticos que tiene la Ciudad de Buenos Aires. Adem\u00e1s, incluye un show cultural, juegos interactivos y sorteos para ganar un viaje a la Ciudad.<\/p>\n<p>Este espacio permite continuar fortaleciendo el intercambio creado por diversos destinos con la finalidad de promover la reactivaci\u00f3n tur\u00edstica de manera conjunta y fomentar la llegada de visitantes nacionales. El trailer m\u00f3vil \u201cBA m\u00e1s Cerca\u201d continuar\u00e1 su presentaci\u00f3n en la ciudad de Santa Fe el 3 de agosto; Merlo, San Luis, el 5 de agosto; y la Ciudad de C\u00f3rdoba los d\u00edas 7 y 8 de agosto. Luego visitar\u00e1 la Patagonia, Cuyo, Provincia de Buenos Aires, el Litoral y el Norte argentino.<\/p>\n<p>Adem\u00e1s, con una pol\u00edtica integral de testeos y protocolos sanitarios para recibir turistas nacionales, la oferta tur\u00edstica y cultural de la Ciudad incluye una amplia cantidad de actividades al aire libre y en espacios cerrados con todas las medidas sanitarias. Eventos art\u00edsticos para realizar en los patios y terrazas de la Usina del Arte, el Centro Cultural Recoleta y el Centro Cultural 25 de Mayo, museos al aire libre, cines, obras de teatro, turismo en barrios y recorridos por la Reserva ecol\u00f3gica Costanera Sur son algunas de las propuestas.<\/p>\n","protected":false},"excerpt":{"rendered":"<p>El Ente de Turismo de la Ciudad de Buenos Aires, en conjunto con el Ministerio de Cultura porte\u00f1o, la Secretaria de Turismo y Deporte y la Secretar\u00eda de Cultura y Educaci\u00f3n de Rosario, informaron que el trailer m\u00f3vil \u201cBA m\u00e1s Cerca\u201d visit\u00f3 Rosario durante el \u00faltimo fin de semana. Estuvo ubicado frente al Monumento a [&hellip;]<\/p>\n","protected":false},"author":3,"featured_media":33975,"comment_status":"open","ping_status":"open","sticky":false,"template":"","format":"standard","meta":{"_et_pb_use_builder":"","_et_pb_old_content":"","_et_gb_content_width":"","footnotes":""},"categories":[34,13],"tags":[],"class_list":["post-33974","post","type-post","status-publish","format-standard","has-post-thumbnail","hentry","category-politica","category-provincia"],"_links":{"self":[{"href":"https:\/\/vocesdebaires.com.ar\/index.php\/wp-json\/wp\/v2\/posts\/33974"}],"collection":[{"href":"https:\/\/vocesdebaires.com.ar\/index.php\/wp-json\/wp\/v2\/posts"}],"about":[{"href":"https:\/\/vocesdebaires.com.ar\/index.php\/wp-json\/wp\/v2\/types\/post"}],"author":[{"embeddable":true,"href":"https:\/\/vocesdebaires.com.ar\/index.php\/wp-json\/wp\/v2\/users\/3"}],"replies":[{"embeddable":true,"href":"https:\/\/vocesdebaires.com.ar\/index.php\/wp-json\/wp\/v2\/comments?post=33974"}],"version-history":[{"count":1,"href":"https:\/\/vocesdebaires.com.ar\/index.php\/wp-json\/wp\/v2\/posts\/33974\/revisions"}],"predecessor-version":[{"id":33976,"href":"https:\/\/vocesdebaires.com.ar\/index.php\/wp-json\/wp\/v2\/posts\/33974\/revisions\/33976"}],"wp:featuredmedia":[{"embeddable":true,"href":"https:\/\/vocesdebaires.com.ar\/index.php\/wp-json\/wp\/v2\/media\/33975"}],"wp:attachment":[{"href":"https:\/\/vocesdebaires.com.ar\/index.php\/wp-json\/wp\/v2\/media?parent=33974"}],"wp:term":[{"taxonomy":"category","embeddable":true,"href":"https:\/\/vocesdebaires.com.ar\/index.php\/wp-json\/wp\/v2\/categories?post=33974"},{"taxonomy":"post_tag","embeddable":true,"href":"https:\/\/vocesdebaires.com.ar\/index.php\/wp-json\/wp\/v2\/tags?post=33974"}],"curies":[{"name":"wp","href":"https:\/\/api.w.org\/{rel}","templated":true}]}}