{"id":33998,"date":"2021-08-04T00:00:29","date_gmt":"2021-08-04T03:00:29","guid":{"rendered":"https:\/\/vocesdebaires.com.ar\/?p=33998"},"modified":"2021-08-03T23:01:06","modified_gmt":"2021-08-04T02:01:06","slug":"barracas-caen-dos-hombres-que-trasladaban-60-panes-de-marihuana","status":"publish","type":"post","link":"https:\/\/vocesdebaires.com.ar\/index.php\/2021\/08\/04\/barracas-caen-dos-hombres-que-trasladaban-60-panes-de-marihuana\/","title":{"rendered":"Barracas: caen dos hombres que trasladaban 60 panes de marihuana"},"content":{"rendered":"<p>El hecho ocurri\u00f3 cuando efectivos de la Divisi\u00f3n Sumarios y Brigadas de Prevenci\u00f3n de la Comisar\u00eda Comunal 4 de la Polic\u00eda de la Ciudad recorr\u00edan la calle Cortejarena al 1900 y observaron un veh\u00edculo Renault Cl\u00edo que circulaba de manera imprudente, por lo que procedieron a detenerlo. Cuando identificaron a sus dos tripulantes, estos se mostraron altamente nerviosos, por lo que se solicit\u00f3 la presencia de testigos.<\/p>\n<p>Finalmente, se hall\u00f3 en el interior del rodado dos cajas con 60 ladrillos de marihuana compactada. En la causa intervino el Juzgado Criminal y Correccional Federal N\u00ba1, a cargo de la Dra. Servini, Secretar\u00eda N\u00ba2, del Dr. Piendibene, que dispuso la detenci\u00f3n de los involucrados, ambos de nacionalidad paraguaya, por infracci\u00f3n a la Ley de Drogas (23.737). Y un posterior allanamiento en los domicilios de los imputados, ambos en el Barrio Zavaleta.<\/p>\n","protected":false},"excerpt":{"rendered":"<p>El hecho ocurri\u00f3 cuando efectivos de la Divisi\u00f3n Sumarios y Brigadas de Prevenci\u00f3n de la Comisar\u00eda Comunal 4 de la Polic\u00eda de la Ciudad recorr\u00edan la calle Cortejarena al 1900 y observaron un veh\u00edculo Renault Cl\u00edo que circulaba de manera imprudente, por lo que procedieron a detenerlo. Cuando identificaron a sus dos tripulantes, estos se [&hellip;]<\/p>\n","protected":false},"author":3,"featured_media":33999,"comment_status":"open","ping_status":"open","sticky":false,"template":"","format":"standard","meta":{"_et_pb_use_builder":"","_et_pb_old_content":"","_et_gb_content_width":"","footnotes":""},"categories":[11,32],"tags":[],"class_list":["post-33998","post","type-post","status-publish","format-standard","has-post-thumbnail","hentry","category-ciudad","category-comunas"],"_links":{"self":[{"href":"https:\/\/vocesdebaires.com.ar\/index.php\/wp-json\/wp\/v2\/posts\/33998"}],"collection":[{"href":"https:\/\/vocesdebaires.com.ar\/index.php\/wp-json\/wp\/v2\/posts"}],"about":[{"href":"https:\/\/vocesdebaires.com.ar\/index.php\/wp-json\/wp\/v2\/types\/post"}],"author":[{"embeddable":true,"href":"https:\/\/vocesdebaires.com.ar\/index.php\/wp-json\/wp\/v2\/users\/3"}],"replies":[{"embeddable":true,"href":"https:\/\/vocesdebaires.com.ar\/index.php\/wp-json\/wp\/v2\/comments?post=33998"}],"version-history":[{"count":1,"href":"https:\/\/vocesdebaires.com.ar\/index.php\/wp-json\/wp\/v2\/posts\/33998\/revisions"}],"predecessor-version":[{"id":34000,"href":"https:\/\/vocesdebaires.com.ar\/index.php\/wp-json\/wp\/v2\/posts\/33998\/revisions\/34000"}],"wp:featuredmedia":[{"embeddable":true,"href":"https:\/\/vocesdebaires.com.ar\/index.php\/wp-json\/wp\/v2\/media\/33999"}],"wp:attachment":[{"href":"https:\/\/vocesdebaires.com.ar\/index.php\/wp-json\/wp\/v2\/media?parent=33998"}],"wp:term":[{"taxonomy":"category","embeddable":true,"href":"https:\/\/vocesdebaires.com.ar\/index.php\/wp-json\/wp\/v2\/categories?post=33998"},{"taxonomy":"post_tag","embeddable":true,"href":"https:\/\/vocesdebaires.com.ar\/index.php\/wp-json\/wp\/v2\/tags?post=33998"}],"curies":[{"name":"wp","href":"https:\/\/api.w.org\/{rel}","templated":true}]}}