{"id":34004,"date":"2021-08-04T00:00:03","date_gmt":"2021-08-04T03:00:03","guid":{"rendered":"https:\/\/vocesdebaires.com.ar\/?p=34004"},"modified":"2021-08-03T23:13:02","modified_gmt":"2021-08-04T02:13:02","slug":"floresdetuvieron-a-un-hombre-con-pedido-de-captura-por-violencia-de-genero","status":"publish","type":"post","link":"https:\/\/vocesdebaires.com.ar\/index.php\/2021\/08\/04\/floresdetuvieron-a-un-hombre-con-pedido-de-captura-por-violencia-de-genero\/","title":{"rendered":"Flores:Detuvieron a un hombre con pedido de captura"},"content":{"rendered":"<p>El detenido, argentino de 26 a\u00f1os, ten\u00eda pedido de captura desde el 11 de junio \u00faltimo por parte de la Unidad Especializada en Investigaci\u00f3n Criminal Compleja, a cargo del doctor Jos\u00e9 Mar\u00eda Campagnoli, en una causa por Coacci\u00f3n y violencia de g\u00e9nero que se tramita ante el Juzgado Nacional en lo Criminal y Correccional 31. Tras recibir la orden del magistrado, personal de brigada de la Divisi\u00f3n Capturas y B\u00fasqueda de Pr\u00f3fugos de la Polic\u00eda de la Ciudad realiz\u00f3 tareas de campo y encubiertas, entre ellas en el Barrio 31 de Retiro, donde reside.<\/p>\n<p>Los oficiales lograron tener el dato que se encontraba en la zona de vendedores ambulantes en Flores y all\u00ed fueron. En las \u00faltimas horas, oficiales dieron con el buscado en la zona comercial y cuando el imputado vio la presencia policial intent\u00f3 huir, siendo alcanzando en Helguera al 200. All\u00ed, otros vendedores salieron en defensa del encausado por lo cual fue convocada otra brigada de la misma divisi\u00f3n para proceder a la detenci\u00f3n. El magistrado dispuso el traslado del hombre, en calidad de comunicado, hasta la Comisar\u00eda Vecinal 3 B de la Polic\u00eda de la Ciudad para quedar a disposici\u00f3n de la Justicia.<\/p>\n","protected":false},"excerpt":{"rendered":"<p>El detenido, argentino de 26 a\u00f1os, ten\u00eda pedido de captura desde el 11 de junio \u00faltimo por parte de la Unidad Especializada en Investigaci\u00f3n Criminal Compleja, a cargo del doctor Jos\u00e9 Mar\u00eda Campagnoli, en una causa por Coacci\u00f3n y violencia de g\u00e9nero que se tramita ante el Juzgado Nacional en lo Criminal y Correccional 31. [&hellip;]<\/p>\n","protected":false},"author":3,"featured_media":34005,"comment_status":"open","ping_status":"open","sticky":false,"template":"","format":"standard","meta":{"_et_pb_use_builder":"","_et_pb_old_content":"","_et_gb_content_width":"","footnotes":""},"categories":[11,32],"tags":[],"class_list":["post-34004","post","type-post","status-publish","format-standard","has-post-thumbnail","hentry","category-ciudad","category-comunas"],"_links":{"self":[{"href":"https:\/\/vocesdebaires.com.ar\/index.php\/wp-json\/wp\/v2\/posts\/34004"}],"collection":[{"href":"https:\/\/vocesdebaires.com.ar\/index.php\/wp-json\/wp\/v2\/posts"}],"about":[{"href":"https:\/\/vocesdebaires.com.ar\/index.php\/wp-json\/wp\/v2\/types\/post"}],"author":[{"embeddable":true,"href":"https:\/\/vocesdebaires.com.ar\/index.php\/wp-json\/wp\/v2\/users\/3"}],"replies":[{"embeddable":true,"href":"https:\/\/vocesdebaires.com.ar\/index.php\/wp-json\/wp\/v2\/comments?post=34004"}],"version-history":[{"count":2,"href":"https:\/\/vocesdebaires.com.ar\/index.php\/wp-json\/wp\/v2\/posts\/34004\/revisions"}],"predecessor-version":[{"id":34007,"href":"https:\/\/vocesdebaires.com.ar\/index.php\/wp-json\/wp\/v2\/posts\/34004\/revisions\/34007"}],"wp:featuredmedia":[{"embeddable":true,"href":"https:\/\/vocesdebaires.com.ar\/index.php\/wp-json\/wp\/v2\/media\/34005"}],"wp:attachment":[{"href":"https:\/\/vocesdebaires.com.ar\/index.php\/wp-json\/wp\/v2\/media?parent=34004"}],"wp:term":[{"taxonomy":"category","embeddable":true,"href":"https:\/\/vocesdebaires.com.ar\/index.php\/wp-json\/wp\/v2\/categories?post=34004"},{"taxonomy":"post_tag","embeddable":true,"href":"https:\/\/vocesdebaires.com.ar\/index.php\/wp-json\/wp\/v2\/tags?post=34004"}],"curies":[{"name":"wp","href":"https:\/\/api.w.org\/{rel}","templated":true}]}}