{"id":34009,"date":"2021-08-04T00:00:10","date_gmt":"2021-08-04T03:00:10","guid":{"rendered":"https:\/\/vocesdebaires.com.ar\/?p=34009"},"modified":"2021-08-03T23:18:24","modified_gmt":"2021-08-04T02:18:24","slug":"santilli-pichetto-vinuales-y-cecilia-gomez-juntos-en-la-tercera-seccion-electoral","status":"publish","type":"post","link":"https:\/\/vocesdebaires.com.ar\/index.php\/2021\/08\/04\/santilli-pichetto-vinuales-y-cecilia-gomez-juntos-en-la-tercera-seccion-electoral\/","title":{"rendered":"Santilli, Pichetto y Vi\u00f1uales, juntos en la tercera secci\u00f3n electoral"},"content":{"rendered":"<p>El precandidato a diputado nacional por Juntos, Diego Santilli, estuvo ayer martes por la tarde en Lomas de Zamora junto a Miguel \u00c1ngel Pichetto, Guillermo Vi\u00f1uales y a la primer candidata a concejal, Cecilia G\u00f3mez. Durante la recorrida los referentes de Juntos destacaron que las preocupaciones m\u00e1s importantes de la zona son la falta de trabajo, la carga impositiva sobre \u201caquellos que generan empleo\u201d y la inseguridad junto al crecimiento del narcotr\u00e1fico. \u00abEl enemigo es el narcotr\u00e1fico, el delincuente, el enemigo es la pobreza, el enemigo es la falta de trabajo. El resto es un adversario y hay que ganarle con ideas. Eso es lo que hacemos todos los d\u00edas con Miguel.<\/p>\n<p>Lo que hemos aprendido a hacer en nuestras vidas. Para m\u00ed es inaceptable la campa\u00f1a negativa\u00bb, dijo Santilli ante los vecinos y agreg\u00f3: \u201cVengo a trabajar.\u00a0 A comprometerme y abordar los temas, afrontarlos y resolverlos. La seguridad, el trabajo genuino, y la educaci\u00f3n, que es el futuro de nuestros hijos. Eso representamos con este equipo\u201d. \u201cPara nosotros el empleo joven es central y lo habl\u00e1bamos con Miguel hace un rato. Nosotros tenemos que generar trabajo, descontemos esa carga impositiva que tienen la Pymes y los comerciantes para tomar empleados y hagamos que genere trabajo para reconvertir los planes sociales en trabajo genuino\u201d, complet\u00f3 Diego \u00abEl Colo\u00bb Santilli.<\/p>\n<p>Mientras tanto, el Auditor General de la Naci\u00f3n, Miguel \u00c1ngel Pichetto consider\u00f3: \u201cMe parece importante apuntar a un tema que lo hemos escuchado de todos los comerciantes, que es el costo del impuesto de seguridad e higiene uno de los m\u00e1s caros del pa\u00eds y de la provincia de Buenos Aires.\u00a0 Este elemento tiene que estar en el coraz\u00f3n del debate porque hay que tener modelos que permitan menores impuestos a los comerciantes, a los que generan empleo. As\u00ed que si lo comparamos con lo que cobra Lan\u00fas u otros municipios que est\u00e1n gobernados por el Pro, me parece que hay una notable diferencia en orden a lo que se cobra aqu\u00ed en Lomas de Zamora\u201d.<\/p>\n<p>Y adem\u00e1s agreg\u00f3: \u00abHay que estar con la gente. Me parece que lo que est\u00e1 haciendo Diego es muy importante. Recorrer los distritos, estar en contacto con las realidades econ\u00f3micas sociales, y tambi\u00e9n ustedes como articuladores de la comunicaci\u00f3n social, me parece muy importante dar testimonio. Es la \u00fanica manera de encarar este proceso pol\u00edtico, con las limitaciones precisamente que tiene esta pandemia que todav\u00eda no termina\u201d.<\/p>\n<p>Para finalizar, el referente lomense Guillermo Vi\u00f1uales afirm\u00f3: \u00abLo que nosotros observamos son dos cosas. Una gran decepci\u00f3n de la gente con Alberto, con el proyecto que present\u00f3. Hay much\u00edsimos otros peronistas que no se sienten representados por el Frente de Todos y creo que lo vamos a acreditar en las urnas, y sobre todo en la zona de Cuartel Noveno. No es sencillo, pero la C\u00e1mpora no es el peronismo, y eso nosotros se lo vamos a explicar a mucha gente\u00bb.<\/p>\n","protected":false},"excerpt":{"rendered":"<p>El precandidato a diputado nacional por Juntos, Diego Santilli, estuvo ayer martes por la tarde en Lomas de Zamora junto a Miguel \u00c1ngel Pichetto, Guillermo Vi\u00f1uales y a la primer candidata a concejal, Cecilia G\u00f3mez. Durante la recorrida los referentes de Juntos destacaron que las preocupaciones m\u00e1s importantes de la zona son la falta de [&hellip;]<\/p>\n","protected":false},"author":2,"featured_media":34010,"comment_status":"open","ping_status":"open","sticky":false,"template":"","format":"standard","meta":{"_et_pb_use_builder":"","_et_pb_old_content":"","_et_gb_content_width":"","footnotes":""},"categories":[34,13],"tags":[],"class_list":["post-34009","post","type-post","status-publish","format-standard","has-post-thumbnail","hentry","category-politica","category-provincia"],"_links":{"self":[{"href":"https:\/\/vocesdebaires.com.ar\/index.php\/wp-json\/wp\/v2\/posts\/34009"}],"collection":[{"href":"https:\/\/vocesdebaires.com.ar\/index.php\/wp-json\/wp\/v2\/posts"}],"about":[{"href":"https:\/\/vocesdebaires.com.ar\/index.php\/wp-json\/wp\/v2\/types\/post"}],"author":[{"embeddable":true,"href":"https:\/\/vocesdebaires.com.ar\/index.php\/wp-json\/wp\/v2\/users\/2"}],"replies":[{"embeddable":true,"href":"https:\/\/vocesdebaires.com.ar\/index.php\/wp-json\/wp\/v2\/comments?post=34009"}],"version-history":[{"count":2,"href":"https:\/\/vocesdebaires.com.ar\/index.php\/wp-json\/wp\/v2\/posts\/34009\/revisions"}],"predecessor-version":[{"id":34012,"href":"https:\/\/vocesdebaires.com.ar\/index.php\/wp-json\/wp\/v2\/posts\/34009\/revisions\/34012"}],"wp:featuredmedia":[{"embeddable":true,"href":"https:\/\/vocesdebaires.com.ar\/index.php\/wp-json\/wp\/v2\/media\/34010"}],"wp:attachment":[{"href":"https:\/\/vocesdebaires.com.ar\/index.php\/wp-json\/wp\/v2\/media?parent=34009"}],"wp:term":[{"taxonomy":"category","embeddable":true,"href":"https:\/\/vocesdebaires.com.ar\/index.php\/wp-json\/wp\/v2\/categories?post=34009"},{"taxonomy":"post_tag","embeddable":true,"href":"https:\/\/vocesdebaires.com.ar\/index.php\/wp-json\/wp\/v2\/tags?post=34009"}],"curies":[{"name":"wp","href":"https:\/\/api.w.org\/{rel}","templated":true}]}}