{"id":34013,"date":"2021-08-04T00:00:50","date_gmt":"2021-08-04T03:00:50","guid":{"rendered":"https:\/\/vocesdebaires.com.ar\/?p=34013"},"modified":"2021-08-03T23:23:24","modified_gmt":"2021-08-04T02:23:24","slug":"ciudad-vacunacion-movil-contra-covid-en-los-barrios-populares","status":"publish","type":"post","link":"https:\/\/vocesdebaires.com.ar\/index.php\/2021\/08\/04\/ciudad-vacunacion-movil-contra-covid-en-los-barrios-populares\/","title":{"rendered":"Ciudad: Vacunaci\u00f3n m\u00f3vil contra Covid en los barrios populares"},"content":{"rendered":"<p>El Gobierno de la Ciudad de Buenos Aires inici\u00f3 ayer por la ma\u00f1ana un operativo m\u00f3vil de vacunaci\u00f3n en los barrios populares de la Ciudad. Esta acci\u00f3n que llevan adelante los Ministerios de Salud y Desarrollo Humano y H\u00e1bitat, se realiz\u00f3 hoy en la Plaza Carrillo, del Barrio porte\u00f1o de Villa Soldati, donde fueron vacunadas m\u00e1s de 180 personas. La posta de vacunaci\u00f3n m\u00f3vil est\u00e1 dirigida a todos los vecinos y vecinas mayores de 18 a\u00f1os o con factores de riesgo de los barrios populares cercanos. El objetivo es brindar la mayor cantidad de opciones para que todos puedan acceder a la vacuna contra el covid-19.<\/p>\n<p>La actividad continuar\u00e1 ma\u00f1ana en Play\u00f3n Chacarita en el mismo horario. Esta nueva estrategia se llevar\u00e1 adelante en la Unidad de Testeo M\u00f3vil que recorre los barrios desde el mes de junio pasado en busca proactiva de detectar casos de Covid. \u201cSabemos que la vacuna es la \u00fanica salida para esta pandemia que atravesamos. Por eso seguimos incorporando estrategias que nos permitan aumentar la cantidad de vecinos y vecinas vacunadas contra el Covid y que entre todos podamos derrotar este virus\u201d, apunt\u00f3 Mar\u00eda Migliore, Ministra de Desarrollo Humano y H\u00e1bitat de la Ciudad. El cronograma de la Unidad M\u00f3vil de vacunaci\u00f3n en barrios populares ir\u00e1 sumando puntos d\u00eda a d\u00eda, dependiendo de la disponibilidad de vacunas y ser\u00e1 anunciado en: www.buenosaires.gob.ar\/vacunacovid<\/p>\n","protected":false},"excerpt":{"rendered":"<p>El Gobierno de la Ciudad de Buenos Aires inici\u00f3 ayer por la ma\u00f1ana un operativo m\u00f3vil de vacunaci\u00f3n en los barrios populares de la Ciudad. Esta acci\u00f3n que llevan adelante los Ministerios de Salud y Desarrollo Humano y H\u00e1bitat, se realiz\u00f3 hoy en la Plaza Carrillo, del Barrio porte\u00f1o de Villa Soldati, donde fueron vacunadas [&hellip;]<\/p>\n","protected":false},"author":2,"featured_media":34014,"comment_status":"open","ping_status":"open","sticky":false,"template":"","format":"standard","meta":{"_et_pb_use_builder":"","_et_pb_old_content":"","_et_gb_content_width":"","footnotes":""},"categories":[11,32],"tags":[],"class_list":["post-34013","post","type-post","status-publish","format-standard","has-post-thumbnail","hentry","category-ciudad","category-comunas"],"_links":{"self":[{"href":"https:\/\/vocesdebaires.com.ar\/index.php\/wp-json\/wp\/v2\/posts\/34013"}],"collection":[{"href":"https:\/\/vocesdebaires.com.ar\/index.php\/wp-json\/wp\/v2\/posts"}],"about":[{"href":"https:\/\/vocesdebaires.com.ar\/index.php\/wp-json\/wp\/v2\/types\/post"}],"author":[{"embeddable":true,"href":"https:\/\/vocesdebaires.com.ar\/index.php\/wp-json\/wp\/v2\/users\/2"}],"replies":[{"embeddable":true,"href":"https:\/\/vocesdebaires.com.ar\/index.php\/wp-json\/wp\/v2\/comments?post=34013"}],"version-history":[{"count":1,"href":"https:\/\/vocesdebaires.com.ar\/index.php\/wp-json\/wp\/v2\/posts\/34013\/revisions"}],"predecessor-version":[{"id":34015,"href":"https:\/\/vocesdebaires.com.ar\/index.php\/wp-json\/wp\/v2\/posts\/34013\/revisions\/34015"}],"wp:featuredmedia":[{"embeddable":true,"href":"https:\/\/vocesdebaires.com.ar\/index.php\/wp-json\/wp\/v2\/media\/34014"}],"wp:attachment":[{"href":"https:\/\/vocesdebaires.com.ar\/index.php\/wp-json\/wp\/v2\/media?parent=34013"}],"wp:term":[{"taxonomy":"category","embeddable":true,"href":"https:\/\/vocesdebaires.com.ar\/index.php\/wp-json\/wp\/v2\/categories?post=34013"},{"taxonomy":"post_tag","embeddable":true,"href":"https:\/\/vocesdebaires.com.ar\/index.php\/wp-json\/wp\/v2\/tags?post=34013"}],"curies":[{"name":"wp","href":"https:\/\/api.w.org\/{rel}","templated":true}]}}