{"id":34016,"date":"2021-08-04T00:00:14","date_gmt":"2021-08-04T03:00:14","guid":{"rendered":"https:\/\/vocesdebaires.com.ar\/?p=34016"},"modified":"2021-08-03T23:30:49","modified_gmt":"2021-08-04T02:30:49","slug":"santilli-y-larreta-se-reunieron-ayer-con-vecinos-de-avellaneda","status":"publish","type":"post","link":"https:\/\/vocesdebaires.com.ar\/index.php\/2021\/08\/04\/santilli-y-larreta-se-reunieron-ayer-con-vecinos-de-avellaneda\/","title":{"rendered":"Santilli y Larreta: se reunieron ayer con vecinos de Avellaneda"},"content":{"rendered":"<p>El precandidato a diputado nacional por Juntos, Diego Santilli, se reuni\u00f3 ayer martes por la ma\u00f1ana con vecinos de Avellaneda junto al jefe de Gobierno de la Ciudad, Horacio Rodr\u00edguez Larreta. Participaron tambi\u00e9n el aspirante a una banca en la C\u00e1mara Baja por la Provincia Gerardo Milman y el primer candidato a concejal en el distrito, Orlando Machado. \u201cNosotros tenemos una forma de trabajar. Un modelo que implica abordar los temas, hacerse cargo, enfrentarlos y resolverlos. Claramente hoy estamos viviendo un momento muy dif\u00edcil, donde nos falta trabajo, no te alcanza para llegar a fin de mes, la gente tiene miedo a perder su laburo.<\/p>\n<p>La inseguridad es moneda corriente en todos los lugares donde nos toca recorrer, y la educaci\u00f3n es el \u00fanico motor del futuro de los argentinos. La verdad es que tuvimos un a\u00f1o y medio sin clases y eso le ha hecho mucho da\u00f1o a los bonaerenses, sobre todo cuando ven que en otros lugares hay clases, hubo clases y hubo presencialidad\u201d, explic\u00f3 Santilli durante la charla con avellanedenses.<\/p>\n<p>Y agreg\u00f3: \u201cSiempre hemos trabajado con ideas, con propuestas, nunca agrediendo, y esa es nuestra forma de ser. Lo m\u00e1s importante que tenemos que entender todos es que hay una competencia primaria de ideas, de propuestas, pero el \u00fanico adversario es el kirchnerismo. Por eso estamos ac\u00e1 con Gerardo Millman, con Horacio (Rodr\u00edguez Larreta), con Orlando (Machado), recorriendo, hablando hoy con los vecinos de Avellaneda, y lo estamos haciendo en toda la provincia\u201d.<\/p>\n<p>Por otra parte, Horacio Rodr\u00edguez Larreta afirm\u00f3: \u00abCada elecci\u00f3n es importante en s\u00ed misma. No pensando en el 2023, sino que en el 2021 tengamos m\u00e1s presencia en el Congreso, para tener una mayor\u00eda, para poder enfrentar algunas leyes que ha propuesto el kirchnerismo con lo cual no estamos de acuerdo. Con lo cual es muy importante, para poder mejorar la seguridad de los vecinos, para que haya trabajo, para que baje la inflaci\u00f3n, que son las preocupaciones que nos dec\u00edan ac\u00e1 reci\u00e9n en Avellaneda, y en todos lados, necesitamos una presencia fuerte en el Congreso. Por eso estamos ac\u00e1 con Diego, con Gerardo, los otros integrantes de nuestra lista. Lo que queremos llevar es ideas al Congreso.<\/p>\n<p>Eso es lo que se est\u00e1 discutiendo ahora\u00bb.A continuaci\u00f3n, Orlando Machado habl\u00f3 de sus planes en caso de ocupar una banca en el Concejo Deliberante: \u00abUna de las cosas que queremos hacer en Avellaneda espec\u00edficamente, es buscar el consenso. Hablar con todos los sectores. Me parece que una de las cuestiones de que adolece el Gobierno municipal en este momento, es eso. Es como si fuera de la familia y est\u00e1n de prestado. Est\u00e1n de prestado por el voto de los ciudadanos de Avellaneda. Es una de las cosas que queremos cambiar\u00bb.Para finalizar, el tambi\u00e9n precandidato a diputado nacional por la Provincia Gerardo Milman brind\u00f3 su opini\u00f3n como avellanedense:<\/p>\n<p>\u201cCuando yo era m\u00e1s joven, es que nuestra ciudad se pareciera m\u00e1s a la Ciudad de Buenos Aires que a determinados cordones del Gran Buenos Aires que ten\u00edan menos infraestructura, con m\u00e1s pobreza, con m\u00e1s d\u00e9ficit.\u00a0 Hoy lo que vemos es que Avellaneda en lugar de acercarse a las caracter\u00edsticas de la Ciudad de Buenos Aires, a tener la educaci\u00f3n que tiene la Ciudad de Buenos Aires, la salud, la seguridad que gestion\u00f3 Diego, estamos retrocediendo. Muchos avellanedenses se han ido a vivir a otros lados. Mi generaci\u00f3n se ha ido a vivir a otro lado en busca de una mejor vida, y me parece que nosotros tenemos que\u00a0 volver a que la ciudad se parezca m\u00e1s a algo mejor que volver a seguir siendo algo peor\u00bb.<\/p>\n","protected":false},"excerpt":{"rendered":"<p>El precandidato a diputado nacional por Juntos, Diego Santilli, se reuni\u00f3 ayer martes por la ma\u00f1ana con vecinos de Avellaneda junto al jefe de Gobierno de la Ciudad, Horacio Rodr\u00edguez Larreta. Participaron tambi\u00e9n el aspirante a una banca en la C\u00e1mara Baja por la Provincia Gerardo Milman y el primer candidato a concejal en el [&hellip;]<\/p>\n","protected":false},"author":2,"featured_media":34017,"comment_status":"open","ping_status":"open","sticky":false,"template":"","format":"standard","meta":{"_et_pb_use_builder":"","_et_pb_old_content":"","_et_gb_content_width":"","footnotes":""},"categories":[34,13],"tags":[],"class_list":["post-34016","post","type-post","status-publish","format-standard","has-post-thumbnail","hentry","category-politica","category-provincia"],"_links":{"self":[{"href":"https:\/\/vocesdebaires.com.ar\/index.php\/wp-json\/wp\/v2\/posts\/34016"}],"collection":[{"href":"https:\/\/vocesdebaires.com.ar\/index.php\/wp-json\/wp\/v2\/posts"}],"about":[{"href":"https:\/\/vocesdebaires.com.ar\/index.php\/wp-json\/wp\/v2\/types\/post"}],"author":[{"embeddable":true,"href":"https:\/\/vocesdebaires.com.ar\/index.php\/wp-json\/wp\/v2\/users\/2"}],"replies":[{"embeddable":true,"href":"https:\/\/vocesdebaires.com.ar\/index.php\/wp-json\/wp\/v2\/comments?post=34016"}],"version-history":[{"count":1,"href":"https:\/\/vocesdebaires.com.ar\/index.php\/wp-json\/wp\/v2\/posts\/34016\/revisions"}],"predecessor-version":[{"id":34018,"href":"https:\/\/vocesdebaires.com.ar\/index.php\/wp-json\/wp\/v2\/posts\/34016\/revisions\/34018"}],"wp:featuredmedia":[{"embeddable":true,"href":"https:\/\/vocesdebaires.com.ar\/index.php\/wp-json\/wp\/v2\/media\/34017"}],"wp:attachment":[{"href":"https:\/\/vocesdebaires.com.ar\/index.php\/wp-json\/wp\/v2\/media?parent=34016"}],"wp:term":[{"taxonomy":"category","embeddable":true,"href":"https:\/\/vocesdebaires.com.ar\/index.php\/wp-json\/wp\/v2\/categories?post=34016"},{"taxonomy":"post_tag","embeddable":true,"href":"https:\/\/vocesdebaires.com.ar\/index.php\/wp-json\/wp\/v2\/tags?post=34016"}],"curies":[{"name":"wp","href":"https:\/\/api.w.org\/{rel}","templated":true}]}}