{"id":34023,"date":"2021-08-05T00:39:12","date_gmt":"2021-08-05T03:39:12","guid":{"rendered":"https:\/\/vocesdebaires.com.ar\/?p=34023"},"modified":"2021-08-05T00:41:07","modified_gmt":"2021-08-05T03:41:07","slug":"parque-patricioscayo-el-hijo-de-empresario-narco-con-cocaina-y-arma-de-fuego","status":"publish","type":"post","link":"https:\/\/vocesdebaires.com.ar\/index.php\/2021\/08\/05\/parque-patricioscayo-el-hijo-de-empresario-narco-con-cocaina-y-arma-de-fuego\/","title":{"rendered":"Parque Patricios:Cayo el hijo de empresario narco con coca\u00edna"},"content":{"rendered":"<p>El hecho ocurri\u00f3 cuando efectivos de la Divisi\u00f3n Sumarios y Brigadas de Prevenci\u00f3n de la Comisar\u00eda Comunal 4 detuvieron la marcha de un Chevrolet Agile que circulaba realizando maniobras peligrosas en Juan Carlos G\u00f3mez al 200. Cuando el personal detuvo la marcha del rodado, identific\u00f3 a sus tripulantes, dos hombres de 25 y 40 a\u00f1os, quienes se mostraron reticentes a la requisitoria policial. Por ese motivo, se solicit\u00f3 la presencia de testigos y se hall\u00f3 dentro del veh\u00edculo un ladrillo de coca\u00edna con un pesaje total de un kilogramo, una pistola calibre 9mm, municiones y celulares. Ante esta situaci\u00f3n, el Juzgado Criminal Correccional Federal N\u00famero 1, a cargo de la doctora Mar\u00eda Servini y ante la Secretar\u00eda N\u00famero 2 del doctor Adolfo Piendibene, dispuso la detenci\u00f3n de los dos involucrados por infracci\u00f3n a la Ley de Drogas (23.737) y \u201ctenencia ilegal de arma de fuego\u201d.<\/p>\n<p>Al corroborar los datos de los imputados, se verific\u00f3 que el hombre de 25 a\u00f1os era el hijo de un empresario narco detenido en 2017, que manejaba la distribuci\u00f3n de estupefacientes en el partido de San Mart\u00edn. Este cabecilla ten\u00eda involucrada en su organizaci\u00f3n a toda su familia y en los 42 allanamientos que se hicieron en su momento, se le incautaron 57 rodados, entre camionetas, autom\u00f3viles de lujo y motos, adem\u00e1s de cuatro vuelos vinculados con la comercializaci\u00f3n de drogas en el exterior y de tener un auto preparado de competici\u00f3n en una de las categor\u00edas del automovilismo argentino.<\/p>\n<p>Sobre el hijo de 25 a\u00f1os, pesaba una prisi\u00f3n domiciliaria exclusiva para dedicarse al cuidado de sus ni\u00f1os, a tal punto que se le permitieron salidas s\u00f3lo para llevarlos y traerlos de la escuela.<br \/>\nEste delincuente aprovech\u00f3 el permiso de la Justicia para continuar comercializando droga y fue capturado junto a otro hombre, de 40 a\u00f1os, con un kilogramo de coca\u00edna de m\u00e1xima pureza cuando ambos circulaban con un autom\u00f3vil por el barrio de Parque Patricios. Ambos fueron detenidos por la Divisi\u00f3n Sumarios y Brigadas de Prevenci\u00f3n de la Comisar\u00eda Comunal 4 de la Polic\u00eda de la Ciudad y puestos a disposici\u00f3n de la Justicia, a la espera del comienzo del juicio que llevar\u00e1 adelante el Tribunal Oral Federal (TOF) 2 de San Mart\u00edn hacia su padre y toda la organizaci\u00f3n narco.<\/p>\n","protected":false},"excerpt":{"rendered":"<p>El hecho ocurri\u00f3 cuando efectivos de la Divisi\u00f3n Sumarios y Brigadas de Prevenci\u00f3n de la Comisar\u00eda Comunal 4 detuvieron la marcha de un Chevrolet Agile que circulaba realizando maniobras peligrosas en Juan Carlos G\u00f3mez al 200. Cuando el personal detuvo la marcha del rodado, identific\u00f3 a sus tripulantes, dos hombres de 25 y 40 a\u00f1os, [&hellip;]<\/p>\n","protected":false},"author":3,"featured_media":34024,"comment_status":"open","ping_status":"open","sticky":false,"template":"","format":"standard","meta":{"_et_pb_use_builder":"","_et_pb_old_content":"","_et_gb_content_width":"","footnotes":""},"categories":[11,32],"tags":[],"class_list":["post-34023","post","type-post","status-publish","format-standard","has-post-thumbnail","hentry","category-ciudad","category-comunas"],"_links":{"self":[{"href":"https:\/\/vocesdebaires.com.ar\/index.php\/wp-json\/wp\/v2\/posts\/34023"}],"collection":[{"href":"https:\/\/vocesdebaires.com.ar\/index.php\/wp-json\/wp\/v2\/posts"}],"about":[{"href":"https:\/\/vocesdebaires.com.ar\/index.php\/wp-json\/wp\/v2\/types\/post"}],"author":[{"embeddable":true,"href":"https:\/\/vocesdebaires.com.ar\/index.php\/wp-json\/wp\/v2\/users\/3"}],"replies":[{"embeddable":true,"href":"https:\/\/vocesdebaires.com.ar\/index.php\/wp-json\/wp\/v2\/comments?post=34023"}],"version-history":[{"count":2,"href":"https:\/\/vocesdebaires.com.ar\/index.php\/wp-json\/wp\/v2\/posts\/34023\/revisions"}],"predecessor-version":[{"id":34026,"href":"https:\/\/vocesdebaires.com.ar\/index.php\/wp-json\/wp\/v2\/posts\/34023\/revisions\/34026"}],"wp:featuredmedia":[{"embeddable":true,"href":"https:\/\/vocesdebaires.com.ar\/index.php\/wp-json\/wp\/v2\/media\/34024"}],"wp:attachment":[{"href":"https:\/\/vocesdebaires.com.ar\/index.php\/wp-json\/wp\/v2\/media?parent=34023"}],"wp:term":[{"taxonomy":"category","embeddable":true,"href":"https:\/\/vocesdebaires.com.ar\/index.php\/wp-json\/wp\/v2\/categories?post=34023"},{"taxonomy":"post_tag","embeddable":true,"href":"https:\/\/vocesdebaires.com.ar\/index.php\/wp-json\/wp\/v2\/tags?post=34023"}],"curies":[{"name":"wp","href":"https:\/\/api.w.org\/{rel}","templated":true}]}}