{"id":34034,"date":"2021-08-05T00:50:25","date_gmt":"2021-08-05T03:50:25","guid":{"rendered":"https:\/\/vocesdebaires.com.ar\/?p=34034"},"modified":"2021-08-05T00:50:25","modified_gmt":"2021-08-05T03:50:25","slug":"santilli-y-ocana-mantuvieron-un-encuentro-con-los-vecinos-en-malvinas","status":"publish","type":"post","link":"https:\/\/vocesdebaires.com.ar\/index.php\/2021\/08\/05\/santilli-y-ocana-mantuvieron-un-encuentro-con-los-vecinos-en-malvinas\/","title":{"rendered":"Santilli y Oca\u00f1a: Mantuvieron un encuentro con los vecinos en Malvinas\u00a0\u00a0"},"content":{"rendered":"<p>El precandidato a diputado nacional por Juntos, Diego Santilli, remarc\u00f3 ayer la importancia de trabajar sobre un plan de seguridad en toda la Provincia. \u201cLos chicos no pueden ir a las plazas porque hay narcos que venden droga a cualquier hora. As\u00ed no se puede vivir\u201d, grafic\u00f3, en el marco de una visita que hizo junto a la precandidata, Graciela Oca\u00f1a, en el partido de Malvinas Argentinas. En ese marco, mantuvieron encuentros con vecinos, personal de salud y comerciantes de esa ciudad, con quienes charlaron, caf\u00e9 mediante, sobre la problem\u00e1tica en la que est\u00e1 sumergida la Provincia de Buenos Aires y las posibles soluciones para salir adelante.<\/p>\n<p>\u201cEn cada distrito que recorremos, los vecinos no paran de relatarnos los problemas de inseguridad que hay. Hoy una vecina nos cont\u00f3 que tuvo que elegir el tama\u00f1o del perro para que cuide de sus hijos. Tambi\u00e9n que los chicos no pueden ir a las plazas porque hay narcos que venden droga a cualquier hora. As\u00ed no se puede vivir\u201d, explic\u00f3 Santilli. Por otra parte, en materia sanitaria, el ex vicejefe de Gobierno porte\u00f1o dijo que Malvinas Argentinas \u201cera un distrito pionero en la materia, pero todos coinciden en que se vino abajo la calidad y la atenci\u00f3n. Durante esta pandemia quedaron muy expuestas las falencias\u201d.<\/p>\n<p>Frente a este panorama, Santilli pidi\u00f3 \u201cescuchar, entender y estar cara a cara con los vecinos\u201d, y destac\u00f3 que \u201csomos gente de trabajo y vamos a avanzar sobre los temas. Los bonaerenses deben saber que pueden tener mejor salud y m\u00e1s seguridad\u201d. Por su parte, Oca\u00f1a precis\u00f3 que \u201chay preocupaci\u00f3n por la segunda dosis de la vacuna y por la inseguridad. Mucha gente grande ya ni sale a la calle por temor\u201d. A la vez, agreg\u00f3: \u201cesta es la realidad de la gente y quiere que se lo resuelvan. Para eso estamos trabajando\u201d.<\/p>\n","protected":false},"excerpt":{"rendered":"<p>El precandidato a diputado nacional por Juntos, Diego Santilli, remarc\u00f3 ayer la importancia de trabajar sobre un plan de seguridad en toda la Provincia. \u201cLos chicos no pueden ir a las plazas porque hay narcos que venden droga a cualquier hora. As\u00ed no se puede vivir\u201d, grafic\u00f3, en el marco de una visita que hizo [&hellip;]<\/p>\n","protected":false},"author":2,"featured_media":34035,"comment_status":"open","ping_status":"open","sticky":false,"template":"","format":"standard","meta":{"_et_pb_use_builder":"","_et_pb_old_content":"","_et_gb_content_width":"","footnotes":""},"categories":[34,13],"tags":[],"class_list":["post-34034","post","type-post","status-publish","format-standard","has-post-thumbnail","hentry","category-politica","category-provincia"],"_links":{"self":[{"href":"https:\/\/vocesdebaires.com.ar\/index.php\/wp-json\/wp\/v2\/posts\/34034"}],"collection":[{"href":"https:\/\/vocesdebaires.com.ar\/index.php\/wp-json\/wp\/v2\/posts"}],"about":[{"href":"https:\/\/vocesdebaires.com.ar\/index.php\/wp-json\/wp\/v2\/types\/post"}],"author":[{"embeddable":true,"href":"https:\/\/vocesdebaires.com.ar\/index.php\/wp-json\/wp\/v2\/users\/2"}],"replies":[{"embeddable":true,"href":"https:\/\/vocesdebaires.com.ar\/index.php\/wp-json\/wp\/v2\/comments?post=34034"}],"version-history":[{"count":1,"href":"https:\/\/vocesdebaires.com.ar\/index.php\/wp-json\/wp\/v2\/posts\/34034\/revisions"}],"predecessor-version":[{"id":34036,"href":"https:\/\/vocesdebaires.com.ar\/index.php\/wp-json\/wp\/v2\/posts\/34034\/revisions\/34036"}],"wp:featuredmedia":[{"embeddable":true,"href":"https:\/\/vocesdebaires.com.ar\/index.php\/wp-json\/wp\/v2\/media\/34035"}],"wp:attachment":[{"href":"https:\/\/vocesdebaires.com.ar\/index.php\/wp-json\/wp\/v2\/media?parent=34034"}],"wp:term":[{"taxonomy":"category","embeddable":true,"href":"https:\/\/vocesdebaires.com.ar\/index.php\/wp-json\/wp\/v2\/categories?post=34034"},{"taxonomy":"post_tag","embeddable":true,"href":"https:\/\/vocesdebaires.com.ar\/index.php\/wp-json\/wp\/v2\/tags?post=34034"}],"curies":[{"name":"wp","href":"https:\/\/api.w.org\/{rel}","templated":true}]}}