{"id":34040,"date":"2021-08-05T00:56:25","date_gmt":"2021-08-05T03:56:25","guid":{"rendered":"https:\/\/vocesdebaires.com.ar\/?p=34040"},"modified":"2021-08-05T00:56:25","modified_gmt":"2021-08-05T03:56:25","slug":"santilli-la-gente-en-la-provincia-vive-angustiada","status":"publish","type":"post","link":"https:\/\/vocesdebaires.com.ar\/index.php\/2021\/08\/05\/santilli-la-gente-en-la-provincia-vive-angustiada\/","title":{"rendered":"Santilli: \u201cLa gente en la Provincia vive angustiada\u201d"},"content":{"rendered":"<p>Ayer por la tarde, el precandidato a diputado nacional por Juntos, Diego Santilli, visit\u00f3 la localidad de Jos\u00e9 C. Paz, donde recorri\u00f3 el centro del municipio junto a la candidata a concejal, Susana Ulloa y mantuvo un encuentro con vecinos. Consultado por c\u00f3mo percibe a los bonaerenses se\u00f1al\u00f3: \u201cLa gente tiene angustia de no llegar a fin de mes, de perder el trabajo y de no sentirse segura en su casa. Quieren m\u00e1s polic\u00edas en la calle y poder ir a laburar tranquilos, que no les pase nada\u201d. Tambi\u00e9n agreg\u00f3 que \u201cmuchos padres y abuelos se mostraron preocupados por todo el tiempo que tuvieron los chicos sin poder ir a la escuela\u201d.<\/p>\n<p>\u201cMe duelen mucho noticias como las de la planta que no consigue 200 personas con la secundaria completa para contratar. La educaci\u00f3n es la principal herramienta para concretar tus sue\u00f1os, para vivir mejor\u201d, prosigui\u00f3. Al tiempo que afirm\u00f3 que \u201ces muy doloroso que pasen estas cosas y tenemos trabajar para que los chicos que est\u00e1n jugando ahora en la plaza puedan tener un proyecto de futuro\u201d. Por \u00faltimo, consider\u00f3 que \u201cno existen las soluciones m\u00e1gicas. Hay que estar al lado de la gente. Escuchar y caminar, para despu\u00e9s enfrentar los problemas. Yo vine ac\u00e1 para eso, a laburar para resolver las dificultades que tienen los bonaerenses\u201d.<\/p>\n","protected":false},"excerpt":{"rendered":"<p>Ayer por la tarde, el precandidato a diputado nacional por Juntos, Diego Santilli, visit\u00f3 la localidad de Jos\u00e9 C. Paz, donde recorri\u00f3 el centro del municipio junto a la candidata a concejal, Susana Ulloa y mantuvo un encuentro con vecinos. Consultado por c\u00f3mo percibe a los bonaerenses se\u00f1al\u00f3: \u201cLa gente tiene angustia de no llegar [&hellip;]<\/p>\n","protected":false},"author":2,"featured_media":34041,"comment_status":"open","ping_status":"open","sticky":false,"template":"","format":"standard","meta":{"_et_pb_use_builder":"","_et_pb_old_content":"","_et_gb_content_width":"","footnotes":""},"categories":[34,13],"tags":[],"class_list":["post-34040","post","type-post","status-publish","format-standard","has-post-thumbnail","hentry","category-politica","category-provincia"],"_links":{"self":[{"href":"https:\/\/vocesdebaires.com.ar\/index.php\/wp-json\/wp\/v2\/posts\/34040"}],"collection":[{"href":"https:\/\/vocesdebaires.com.ar\/index.php\/wp-json\/wp\/v2\/posts"}],"about":[{"href":"https:\/\/vocesdebaires.com.ar\/index.php\/wp-json\/wp\/v2\/types\/post"}],"author":[{"embeddable":true,"href":"https:\/\/vocesdebaires.com.ar\/index.php\/wp-json\/wp\/v2\/users\/2"}],"replies":[{"embeddable":true,"href":"https:\/\/vocesdebaires.com.ar\/index.php\/wp-json\/wp\/v2\/comments?post=34040"}],"version-history":[{"count":1,"href":"https:\/\/vocesdebaires.com.ar\/index.php\/wp-json\/wp\/v2\/posts\/34040\/revisions"}],"predecessor-version":[{"id":34042,"href":"https:\/\/vocesdebaires.com.ar\/index.php\/wp-json\/wp\/v2\/posts\/34040\/revisions\/34042"}],"wp:featuredmedia":[{"embeddable":true,"href":"https:\/\/vocesdebaires.com.ar\/index.php\/wp-json\/wp\/v2\/media\/34041"}],"wp:attachment":[{"href":"https:\/\/vocesdebaires.com.ar\/index.php\/wp-json\/wp\/v2\/media?parent=34040"}],"wp:term":[{"taxonomy":"category","embeddable":true,"href":"https:\/\/vocesdebaires.com.ar\/index.php\/wp-json\/wp\/v2\/categories?post=34040"},{"taxonomy":"post_tag","embeddable":true,"href":"https:\/\/vocesdebaires.com.ar\/index.php\/wp-json\/wp\/v2\/tags?post=34040"}],"curies":[{"name":"wp","href":"https:\/\/api.w.org\/{rel}","templated":true}]}}