{"id":34047,"date":"2021-08-06T00:00:38","date_gmt":"2021-08-06T03:00:38","guid":{"rendered":"https:\/\/vocesdebaires.com.ar\/?p=34047"},"modified":"2021-08-06T00:02:44","modified_gmt":"2021-08-06T03:02:44","slug":"dalessandro-encabezo-nueva-entrega-de-celulares-recuperados-a-sus-duenos","status":"publish","type":"post","link":"https:\/\/vocesdebaires.com.ar\/index.php\/2021\/08\/06\/dalessandro-encabezo-nueva-entrega-de-celulares-recuperados-a-sus-duenos\/","title":{"rendered":"D&#8217;Alessandro encabez\u00f3 nueva entrega de celulares recuperados a sus due\u00f1os"},"content":{"rendered":"<p>Del encuentro con los vecinos en la Comisar\u00eda Comunal N\u00famero 4 tambi\u00e9n participaron el subsecretario de Participaci\u00f3n Ciudadana en Seguridad, Juan Pablo Arenaza, el director de la AGC, Mat\u00edas Lanusse, y el jefe de la Polic\u00eda de la Ciudad, Gabriel Berard. \u00abEste es un acto que nos llena de orgullo por lo que implica el tel\u00e9fono para las v\u00edctimas de los delitos. No s\u00f3lo por el valor monetario, sino porque all\u00ed tienen sus contactos, sus fotos y su vida. La Polic\u00eda de la Ciudad investiga los casos y los resuelve, por eso es importante que se haga la denuncia en cualquier dependencia de la Polic\u00eda de la Ciudad, en el 911 o al 0800-333-FISCAL (347225)\u00bb, coment\u00f3 D&#8217;Alessandro durante la actividad.<\/p>\n<p>Por su parte, Arenaza coincidi\u00f3 con el ministro en que cada v\u00edctima de delito tiene que hacer la denuncia para que se investigue el hecho y se logre recuperarlo, y destac\u00f3 la pol\u00edtica que lleva adelante el Ministerio de Justicia y Seguridad de devolver las pertenencias sustra\u00eddas. \u00abLa gente se sorprende, pero es importante que se denuncie el hecho. La denuncia es el inicio para que podamos reintegrar los equipos. Esto va a continuar, es una metodolog\u00eda que queda para siempre, restituyendo celulares y otros elementos robados. Hay un trabajo coordinado entre Fiscal\u00eda, Polic\u00eda y los ciudadanos que denuncian. Estamos trabajando tambi\u00e9n en los lugares donde se venden los equipos, lo que se denomina como econom\u00eda del delito.<\/p>\n<p>Tenemos que lograr que sea dif\u00edcil robar un celular en la Ciudad y tambi\u00e9n venderlo, para esto estamos trabajando\u00bb, expres\u00f3 el subsecretario de Participaci\u00f3n Ciudadana en Seguridad. En el caso de Berard, el jefe policial remarc\u00f3 \u00abel trabajo codo a codo entre la Polic\u00eda de la Ciudad y la AGC en las diferentes inspecciones en locales de venta y reparaci\u00f3n de celulares\u00bb. \u00abEsta forma de trabajar nos hace todo m\u00e1s \u00e1gil, nosotros trabajamos en la prevenci\u00f3n en las calles y tambi\u00e9n en la investigaci\u00f3n de los delitos. Venimos haciendo un trabajo muy amplio con la AGC y por medio de la denuncia, se puede incautar el tel\u00e9fono y despu\u00e9s identificar a los propietarios\u00bb, agreg\u00f3 Berard.<\/p>\n<p>El director de la AGC tambi\u00e9n se hizo presente en la Comisar\u00eda Comunal 4 y destac\u00f3 que se vienen entregando \u00abm\u00e1s de 200 celulares de un total de 6.000 recuperados en los procedimientos\u00bb.<br \/>\n\u00abEste trabajo tiene varias patas, una de ellas es la administrativa que tiene que ver con el decomiso que realiza la AGC en los locales que no tienen habilitaci\u00f3n y cuentan con celulares de dudosa procedencia. Y tambi\u00e9n est\u00e1 la pata judicial, que a partir de una denuncia, se inicia un proceso e interviene la Polic\u00eda de la Ciudad para la investigaci\u00f3n y resoluci\u00f3n del caso\u00bb, se\u00f1al\u00f3.<br \/>\nLos vecinos convocados elogiaron el trabajo hecho en conjunto entre personal policial e inspectores de AGC para volver a tener sus pertenencias.<\/p>\n<p>\u00abEl tel\u00e9fono lo hab\u00eda mandado a arreglar hace tres a\u00f1os a un local de reparaciones y me hab\u00edan dicho que lo hab\u00edan allanado. Ya lo daba por perdido el celular y pens\u00e9 que no lo iba a recuperar m\u00e1s. Cuando me llamaron, me sorprendieron y es algo muy lindo poder volver a tenerlo\u00bb, dijo Milagros Ulpana, una de las vecinas a la que se le entreg\u00f3 su equipo. Esta nueva devoluci\u00f3n de celulares se dio en el marco de la pol\u00edtica restaurativa que lleva adelante el Ministerio de Justicia y Seguridad, que adem\u00e1s suma en esta metodolog\u00eda a motos, autos y bicicletas, todo incautado en distintos procedimientos.<\/p>\n","protected":false},"excerpt":{"rendered":"<p>Del encuentro con los vecinos en la Comisar\u00eda Comunal N\u00famero 4 tambi\u00e9n participaron el subsecretario de Participaci\u00f3n Ciudadana en Seguridad, Juan Pablo Arenaza, el director de la AGC, Mat\u00edas Lanusse, y el jefe de la Polic\u00eda de la Ciudad, Gabriel Berard. \u00abEste es un acto que nos llena de orgullo por lo que implica el [&hellip;]<\/p>\n","protected":false},"author":3,"featured_media":34048,"comment_status":"open","ping_status":"open","sticky":false,"template":"","format":"standard","meta":{"_et_pb_use_builder":"","_et_pb_old_content":"","_et_gb_content_width":"","footnotes":""},"categories":[11,32],"tags":[],"class_list":["post-34047","post","type-post","status-publish","format-standard","has-post-thumbnail","hentry","category-ciudad","category-comunas"],"_links":{"self":[{"href":"https:\/\/vocesdebaires.com.ar\/index.php\/wp-json\/wp\/v2\/posts\/34047"}],"collection":[{"href":"https:\/\/vocesdebaires.com.ar\/index.php\/wp-json\/wp\/v2\/posts"}],"about":[{"href":"https:\/\/vocesdebaires.com.ar\/index.php\/wp-json\/wp\/v2\/types\/post"}],"author":[{"embeddable":true,"href":"https:\/\/vocesdebaires.com.ar\/index.php\/wp-json\/wp\/v2\/users\/3"}],"replies":[{"embeddable":true,"href":"https:\/\/vocesdebaires.com.ar\/index.php\/wp-json\/wp\/v2\/comments?post=34047"}],"version-history":[{"count":1,"href":"https:\/\/vocesdebaires.com.ar\/index.php\/wp-json\/wp\/v2\/posts\/34047\/revisions"}],"predecessor-version":[{"id":34049,"href":"https:\/\/vocesdebaires.com.ar\/index.php\/wp-json\/wp\/v2\/posts\/34047\/revisions\/34049"}],"wp:featuredmedia":[{"embeddable":true,"href":"https:\/\/vocesdebaires.com.ar\/index.php\/wp-json\/wp\/v2\/media\/34048"}],"wp:attachment":[{"href":"https:\/\/vocesdebaires.com.ar\/index.php\/wp-json\/wp\/v2\/media?parent=34047"}],"wp:term":[{"taxonomy":"category","embeddable":true,"href":"https:\/\/vocesdebaires.com.ar\/index.php\/wp-json\/wp\/v2\/categories?post=34047"},{"taxonomy":"post_tag","embeddable":true,"href":"https:\/\/vocesdebaires.com.ar\/index.php\/wp-json\/wp\/v2\/tags?post=34047"}],"curies":[{"name":"wp","href":"https:\/\/api.w.org\/{rel}","templated":true}]}}