{"id":34050,"date":"2021-08-06T00:06:44","date_gmt":"2021-08-06T03:06:44","guid":{"rendered":"https:\/\/vocesdebaires.com.ar\/?p=34050"},"modified":"2021-08-06T00:06:44","modified_gmt":"2021-08-06T03:06:44","slug":"santilli-dijo-necesitamos-una-argentina-que-sostenga-al-productor","status":"publish","type":"post","link":"https:\/\/vocesdebaires.com.ar\/index.php\/2021\/08\/06\/santilli-dijo-necesitamos-una-argentina-que-sostenga-al-productor\/","title":{"rendered":"Santilli: Dijo \u201cNecesitamos una Argentina que sostenga al productor\u00bb"},"content":{"rendered":"<p>Ayer , el precandidato a diputado nacional por Juntos, Diego Santilli visit\u00f3 la ciudad de Chascom\u00fas, donde fue recibido por el candidato a concejal, Ramiro Ferrante. Ambos mantuvieron reuniones virtuales y presenciales con vecinos y comerciantes de la zona. \u201cLa situaci\u00f3n de las Pymes se repite en toda la Provincia. Hay falta de apoyo, muchas cargas tributarias y una industria del juicio que atenta contra la creaci\u00f3n de empleo. Nosotros queremos una Argentina que sostenga al productor, que no le ponga la pierna encima y que le baje los impuestos\u201d, consider\u00f3 Santilli ante la consulta del panorama que charl\u00f3 con representantes de dicho sector.<\/p>\n<p>Cuando le preguntaron por c\u00f3mo se manej\u00f3 la pandemia en la Provincia, Santilli respondi\u00f3: \u201cPeg\u00f3 fuerte. Hay muchos familiares y amigos que ya no est\u00e1n. Tambi\u00e9n Pymes que tuvieron que bajar la cortina. Tenemos que luchar por todos ellos, acompa\u00f1arlos en su dolor y ayudarlos a levantarse. Las escuelas cerradas un a\u00f1o y medio no me pareci\u00f3 bien y creo la vacunaci\u00f3n podr\u00eda haber sido m\u00e1s trasparente\u201d.<\/p>\n<p>A su vez resalt\u00f3 que \u201chay medidas que no le sirven a nadie como frenar la exportaci\u00f3n de carne. El precio subi\u00f3 un 18 por ciento y perjudic\u00f3 a productores y frigor\u00edficos. Los \u00fanicos beneficiados fueron los pa\u00edses extranjeros\u201d. Y agreg\u00f3 que \u201cla gente nos pide que estemos junto a ellos y que trabajemos para solucionar los problemas hist\u00f3ricos que tiene la Argentina y que se vienen repitiendo\u201d. Por su parte, Ferrante indic\u00f3 que \u201cel vecino de Chascom\u00fas est\u00e1 ansioso para que Juntos tenga una nueva oportunidad. La pol\u00edtica es buena o mala de acuerdo a la calidad de los dirigentes y nuestros candidatos son excelentes\u201d.<\/p>\n","protected":false},"excerpt":{"rendered":"<p>Ayer , el precandidato a diputado nacional por Juntos, Diego Santilli visit\u00f3 la ciudad de Chascom\u00fas, donde fue recibido por el candidato a concejal, Ramiro Ferrante. Ambos mantuvieron reuniones virtuales y presenciales con vecinos y comerciantes de la zona. \u201cLa situaci\u00f3n de las Pymes se repite en toda la Provincia. Hay falta de apoyo, muchas [&hellip;]<\/p>\n","protected":false},"author":3,"featured_media":34051,"comment_status":"open","ping_status":"open","sticky":false,"template":"","format":"standard","meta":{"_et_pb_use_builder":"","_et_pb_old_content":"","_et_gb_content_width":"","footnotes":""},"categories":[34,13],"tags":[],"class_list":["post-34050","post","type-post","status-publish","format-standard","has-post-thumbnail","hentry","category-politica","category-provincia"],"_links":{"self":[{"href":"https:\/\/vocesdebaires.com.ar\/index.php\/wp-json\/wp\/v2\/posts\/34050"}],"collection":[{"href":"https:\/\/vocesdebaires.com.ar\/index.php\/wp-json\/wp\/v2\/posts"}],"about":[{"href":"https:\/\/vocesdebaires.com.ar\/index.php\/wp-json\/wp\/v2\/types\/post"}],"author":[{"embeddable":true,"href":"https:\/\/vocesdebaires.com.ar\/index.php\/wp-json\/wp\/v2\/users\/3"}],"replies":[{"embeddable":true,"href":"https:\/\/vocesdebaires.com.ar\/index.php\/wp-json\/wp\/v2\/comments?post=34050"}],"version-history":[{"count":1,"href":"https:\/\/vocesdebaires.com.ar\/index.php\/wp-json\/wp\/v2\/posts\/34050\/revisions"}],"predecessor-version":[{"id":34052,"href":"https:\/\/vocesdebaires.com.ar\/index.php\/wp-json\/wp\/v2\/posts\/34050\/revisions\/34052"}],"wp:featuredmedia":[{"embeddable":true,"href":"https:\/\/vocesdebaires.com.ar\/index.php\/wp-json\/wp\/v2\/media\/34051"}],"wp:attachment":[{"href":"https:\/\/vocesdebaires.com.ar\/index.php\/wp-json\/wp\/v2\/media?parent=34050"}],"wp:term":[{"taxonomy":"category","embeddable":true,"href":"https:\/\/vocesdebaires.com.ar\/index.php\/wp-json\/wp\/v2\/categories?post=34050"},{"taxonomy":"post_tag","embeddable":true,"href":"https:\/\/vocesdebaires.com.ar\/index.php\/wp-json\/wp\/v2\/tags?post=34050"}],"curies":[{"name":"wp","href":"https:\/\/api.w.org\/{rel}","templated":true}]}}