{"id":34071,"date":"2021-08-09T00:00:56","date_gmt":"2021-08-09T03:00:56","guid":{"rendered":"https:\/\/vocesdebaires.com.ar\/?p=34071"},"modified":"2021-08-08T22:08:53","modified_gmt":"2021-08-09T01:08:53","slug":"caballitodetuvieron-cuatro-delincuentes-por-robar-una-camioneta","status":"publish","type":"post","link":"https:\/\/vocesdebaires.com.ar\/index.php\/2021\/08\/09\/caballitodetuvieron-cuatro-delincuentes-por-robar-una-camioneta\/","title":{"rendered":"Caballito:Detuvieron cuatro delincuentes por robar una camioneta"},"content":{"rendered":"<p>La Polic\u00eda de la Ciudad detuvo en las \u00faltimas horas a cuatro delincuentes con antecedentes penales que hab\u00edan robado pertenencias del interior de una camioneta estacionada en el barrio de Caballito.Personal de la Divisi\u00f3n Sumarios y Brigadas de Prevenci\u00f3n de la Comuna 6 de la Polic\u00eda de la Ciudad, que se encontraba realizando tareas de despliegue territorial en la zona, observ\u00f3 a cuatro sospechosos merodeando los autos estacionados sobre la calle Rosario al 500. En un momento determinado, uno de los sujetos abri\u00f3 la puerta de una camioneta Fiat Fiorino de color rojo y sustrajo un tel\u00e9fono celular y otras pertenencias.<\/p>\n<p>De inmediato, los oficiales dieron la voz de alto y todos los involucrados intentaron escapar infructuosamente, ya que fueron reducidos en el lugar. Tras identificarlos, se corrobor\u00f3 que todos ellos contaban con antecedentes penales. Los delincuentes son tres hombres de 29 y 19 a\u00f1os, dos de ellos de nacionalidad peruana y un argentino, y una mujer de 28 tambi\u00e9n oriunda de Per\u00fa. El Juzgado Nacional Criminal y Correccional N\u00famero 30, a cargo del doctor Rabbione y ante la Secretar\u00eda 164 del doctor Belderrain, aval\u00f3 lo actuado por el personal policial, solicit\u00f3 el secuestro de los elementos robados y utilizados para cometer el il\u00edcito, y del rodado, adem\u00e1s del traslado de los ladrones a la Alcaid\u00eda. Se labraron actuaciones por \u201cTentativa de hurto\u201d.<\/p>\n","protected":false},"excerpt":{"rendered":"<p>La Polic\u00eda de la Ciudad detuvo en las \u00faltimas horas a cuatro delincuentes con antecedentes penales que hab\u00edan robado pertenencias del interior de una camioneta estacionada en el barrio de Caballito.Personal de la Divisi\u00f3n Sumarios y Brigadas de Prevenci\u00f3n de la Comuna 6 de la Polic\u00eda de la Ciudad, que se encontraba realizando tareas de [&hellip;]<\/p>\n","protected":false},"author":2,"featured_media":34072,"comment_status":"open","ping_status":"open","sticky":false,"template":"","format":"standard","meta":{"_et_pb_use_builder":"","_et_pb_old_content":"","_et_gb_content_width":"","footnotes":""},"categories":[11,32],"tags":[],"class_list":["post-34071","post","type-post","status-publish","format-standard","has-post-thumbnail","hentry","category-ciudad","category-comunas"],"_links":{"self":[{"href":"https:\/\/vocesdebaires.com.ar\/index.php\/wp-json\/wp\/v2\/posts\/34071"}],"collection":[{"href":"https:\/\/vocesdebaires.com.ar\/index.php\/wp-json\/wp\/v2\/posts"}],"about":[{"href":"https:\/\/vocesdebaires.com.ar\/index.php\/wp-json\/wp\/v2\/types\/post"}],"author":[{"embeddable":true,"href":"https:\/\/vocesdebaires.com.ar\/index.php\/wp-json\/wp\/v2\/users\/2"}],"replies":[{"embeddable":true,"href":"https:\/\/vocesdebaires.com.ar\/index.php\/wp-json\/wp\/v2\/comments?post=34071"}],"version-history":[{"count":1,"href":"https:\/\/vocesdebaires.com.ar\/index.php\/wp-json\/wp\/v2\/posts\/34071\/revisions"}],"predecessor-version":[{"id":34073,"href":"https:\/\/vocesdebaires.com.ar\/index.php\/wp-json\/wp\/v2\/posts\/34071\/revisions\/34073"}],"wp:featuredmedia":[{"embeddable":true,"href":"https:\/\/vocesdebaires.com.ar\/index.php\/wp-json\/wp\/v2\/media\/34072"}],"wp:attachment":[{"href":"https:\/\/vocesdebaires.com.ar\/index.php\/wp-json\/wp\/v2\/media?parent=34071"}],"wp:term":[{"taxonomy":"category","embeddable":true,"href":"https:\/\/vocesdebaires.com.ar\/index.php\/wp-json\/wp\/v2\/categories?post=34071"},{"taxonomy":"post_tag","embeddable":true,"href":"https:\/\/vocesdebaires.com.ar\/index.php\/wp-json\/wp\/v2\/tags?post=34071"}],"curies":[{"name":"wp","href":"https:\/\/api.w.org\/{rel}","templated":true}]}}