{"id":34076,"date":"2021-08-09T00:00:59","date_gmt":"2021-08-09T03:00:59","guid":{"rendered":"https:\/\/vocesdebaires.com.ar\/?p=34076"},"modified":"2021-08-08T22:14:31","modified_gmt":"2021-08-09T01:14:31","slug":"costa-atlantica-santilli-dijo-el-turismo-es-el-motor-de-la-economia","status":"publish","type":"post","link":"https:\/\/vocesdebaires.com.ar\/index.php\/2021\/08\/09\/costa-atlantica-santilli-dijo-el-turismo-es-el-motor-de-la-economia\/","title":{"rendered":"Costa atl\u00e1ntica: Santilli dijo \u201cEl turismo es el motor de la econom\u00eda\u201d"},"content":{"rendered":"<p>El precandidato a diputado nacional por Juntos, Diego Santilli, recorri\u00f3 el pasado s\u00e1bado el partido de la Costa junto a dirigentes provinciales. Durante su recorrida, Santilli comparti\u00f3 reuniones con vecinos de Las Toninas que se vieron afectados por las crecidas y sudestadas producidas el \u00faltimo tiempo. All\u00ed recalc\u00f3 la importancia del turismo como \u201cmotor de la econom\u00eda, hay que ayudar a los comerciantes, estar cerca para que puedan desarrollarse. Santilli estuvo acompa\u00f1ado por los precandidato la a senador provincial Alejandro Rabinovich, a diputado nacional Juan Manuel L\u00f3pez y a concejal por el partido de la Costa, Marcelo Divito.<\/p>\n<p>En Santa Teresita, Santilli se refiri\u00f3 a la crisis del empleo y la educaci\u00f3n: \u201clo m\u00e1s importante es la educaci\u00f3n para poder proyectar los sue\u00f1os de nuestros hijos, educar para poder tener trabajo y cumplir objetivos\u201d, defini\u00f3. Sobre la seguridad, el dirigente de Juntos sostuvo que \u201ces la manera de moverse en la vida, de sentirte seguro en tu casa, de ir al trabajo sin que te pase algo\u201d, sostuvo. Y a\u00f1adi\u00f3 cifras de su gesti\u00f3n: \u201cel proyecto que llevamos a cabo con Horacio Rodr\u00edguez Larreta nos permiti\u00f3 reducir los delitos de motochorros y hurtos un 60%, hay que hacer que la gente pueda vivir en paz\u201d.<\/p>\n","protected":false},"excerpt":{"rendered":"<p>El precandidato a diputado nacional por Juntos, Diego Santilli, recorri\u00f3 el pasado s\u00e1bado el partido de la Costa junto a dirigentes provinciales. Durante su recorrida, Santilli comparti\u00f3 reuniones con vecinos de Las Toninas que se vieron afectados por las crecidas y sudestadas producidas el \u00faltimo tiempo. All\u00ed recalc\u00f3 la importancia del turismo como \u201cmotor de [&hellip;]<\/p>\n","protected":false},"author":2,"featured_media":34077,"comment_status":"open","ping_status":"open","sticky":false,"template":"","format":"standard","meta":{"_et_pb_use_builder":"","_et_pb_old_content":"","_et_gb_content_width":"","footnotes":""},"categories":[34,13],"tags":[],"class_list":["post-34076","post","type-post","status-publish","format-standard","has-post-thumbnail","hentry","category-politica","category-provincia"],"_links":{"self":[{"href":"https:\/\/vocesdebaires.com.ar\/index.php\/wp-json\/wp\/v2\/posts\/34076"}],"collection":[{"href":"https:\/\/vocesdebaires.com.ar\/index.php\/wp-json\/wp\/v2\/posts"}],"about":[{"href":"https:\/\/vocesdebaires.com.ar\/index.php\/wp-json\/wp\/v2\/types\/post"}],"author":[{"embeddable":true,"href":"https:\/\/vocesdebaires.com.ar\/index.php\/wp-json\/wp\/v2\/users\/2"}],"replies":[{"embeddable":true,"href":"https:\/\/vocesdebaires.com.ar\/index.php\/wp-json\/wp\/v2\/comments?post=34076"}],"version-history":[{"count":1,"href":"https:\/\/vocesdebaires.com.ar\/index.php\/wp-json\/wp\/v2\/posts\/34076\/revisions"}],"predecessor-version":[{"id":34078,"href":"https:\/\/vocesdebaires.com.ar\/index.php\/wp-json\/wp\/v2\/posts\/34076\/revisions\/34078"}],"wp:featuredmedia":[{"embeddable":true,"href":"https:\/\/vocesdebaires.com.ar\/index.php\/wp-json\/wp\/v2\/media\/34077"}],"wp:attachment":[{"href":"https:\/\/vocesdebaires.com.ar\/index.php\/wp-json\/wp\/v2\/media?parent=34076"}],"wp:term":[{"taxonomy":"category","embeddable":true,"href":"https:\/\/vocesdebaires.com.ar\/index.php\/wp-json\/wp\/v2\/categories?post=34076"},{"taxonomy":"post_tag","embeddable":true,"href":"https:\/\/vocesdebaires.com.ar\/index.php\/wp-json\/wp\/v2\/tags?post=34076"}],"curies":[{"name":"wp","href":"https:\/\/api.w.org\/{rel}","templated":true}]}}