{"id":34081,"date":"2021-08-09T00:00:57","date_gmt":"2021-08-09T03:00:57","guid":{"rendered":"https:\/\/vocesdebaires.com.ar\/?p=34081"},"modified":"2021-08-08T22:21:48","modified_gmt":"2021-08-09T01:21:48","slug":"parque-chacabuco-clausuraron-tres-localesincautaron-1-500-celulares","status":"publish","type":"post","link":"https:\/\/vocesdebaires.com.ar\/index.php\/2021\/08\/09\/parque-chacabuco-clausuraron-tres-localesincautaron-1-500-celulares\/","title":{"rendered":"Parque Chacabuco: Clausuraron tres locales,incautaron 1.500 celulares"},"content":{"rendered":"<p>Personal de la Divisi\u00f3n Conductas Inform\u00e1ticas Il\u00edcitas, perteneciente al Departamento Prevenci\u00f3n del Cibercrimen de la Polic\u00eda de la Ciudad, encabez\u00f3 las inspecciones a los comercios junto a la AGC y a la Direcci\u00f3n General de Coordinaci\u00f3n Operativa, dependiente de la Subsecretar\u00eda de Seguridad Ciudadana. Los oficiales se dirigieron a un local de servicio t\u00e9cnico ubicado en Tejedor al 100, donde tres celulares dieron resultado positivo por robo o hurto al Ente Nacional de Comunicaciones (ENACOM). Adem\u00e1s, la AGC secuestr\u00f3 11 equipos, tres m\u00f3dulos y lo clausur\u00f3. Adem\u00e1s, se identific\u00f3 al responsable del lugar, un hombre de nacionalidad peruana, de 71 a\u00f1os.Luego, los efectivos visitaron un comercio de avenida Casta\u00f1ares al 1100, que tambi\u00e9n termin\u00f3 clausurado. All\u00ed, se incautaron 25 equipos, 8 m\u00f3dulos, 5 carcasas y 2 bater\u00edas, y se identific\u00f3 a la propietaria, una mujer de 38 a\u00f1os.<\/p>\n<p>En avenida Asamblea al 800, se lleg\u00f3 a un local de venta y reparaci\u00f3n de celulares, que era atendido por un hombre. La AGC encontr\u00f3 varias cajas con celulares con registros antiguos (2005\/2010) y se secuestraron 1.500 equipos, adem\u00e1s de clausurar el negocio. Al consultar con el Juzgado Nacional en lo Criminal y Correccional Federal N\u00famero 2, a cargo del doctor Sebasti\u00e1n Ramos y ante la Secretar\u00eda 3 del doctor Carlos D&#8217;El\u00eda, dispuso el secuestro de los celulares y la detenci\u00f3n de los responsables de los locales de Tejedor al 100 y de Casta\u00f1ares al 1100.<\/p>\n","protected":false},"excerpt":{"rendered":"<p>Personal de la Divisi\u00f3n Conductas Inform\u00e1ticas Il\u00edcitas, perteneciente al Departamento Prevenci\u00f3n del Cibercrimen de la Polic\u00eda de la Ciudad, encabez\u00f3 las inspecciones a los comercios junto a la AGC y a la Direcci\u00f3n General de Coordinaci\u00f3n Operativa, dependiente de la Subsecretar\u00eda de Seguridad Ciudadana. Los oficiales se dirigieron a un local de servicio t\u00e9cnico ubicado [&hellip;]<\/p>\n","protected":false},"author":2,"featured_media":34082,"comment_status":"open","ping_status":"open","sticky":false,"template":"","format":"standard","meta":{"_et_pb_use_builder":"","_et_pb_old_content":"","_et_gb_content_width":"","footnotes":""},"categories":[11,32],"tags":[],"class_list":["post-34081","post","type-post","status-publish","format-standard","has-post-thumbnail","hentry","category-ciudad","category-comunas"],"_links":{"self":[{"href":"https:\/\/vocesdebaires.com.ar\/index.php\/wp-json\/wp\/v2\/posts\/34081"}],"collection":[{"href":"https:\/\/vocesdebaires.com.ar\/index.php\/wp-json\/wp\/v2\/posts"}],"about":[{"href":"https:\/\/vocesdebaires.com.ar\/index.php\/wp-json\/wp\/v2\/types\/post"}],"author":[{"embeddable":true,"href":"https:\/\/vocesdebaires.com.ar\/index.php\/wp-json\/wp\/v2\/users\/2"}],"replies":[{"embeddable":true,"href":"https:\/\/vocesdebaires.com.ar\/index.php\/wp-json\/wp\/v2\/comments?post=34081"}],"version-history":[{"count":1,"href":"https:\/\/vocesdebaires.com.ar\/index.php\/wp-json\/wp\/v2\/posts\/34081\/revisions"}],"predecessor-version":[{"id":34083,"href":"https:\/\/vocesdebaires.com.ar\/index.php\/wp-json\/wp\/v2\/posts\/34081\/revisions\/34083"}],"wp:featuredmedia":[{"embeddable":true,"href":"https:\/\/vocesdebaires.com.ar\/index.php\/wp-json\/wp\/v2\/media\/34082"}],"wp:attachment":[{"href":"https:\/\/vocesdebaires.com.ar\/index.php\/wp-json\/wp\/v2\/media?parent=34081"}],"wp:term":[{"taxonomy":"category","embeddable":true,"href":"https:\/\/vocesdebaires.com.ar\/index.php\/wp-json\/wp\/v2\/categories?post=34081"},{"taxonomy":"post_tag","embeddable":true,"href":"https:\/\/vocesdebaires.com.ar\/index.php\/wp-json\/wp\/v2\/tags?post=34081"}],"curies":[{"name":"wp","href":"https:\/\/api.w.org\/{rel}","templated":true}]}}