{"id":34092,"date":"2021-08-09T00:00:02","date_gmt":"2021-08-09T03:00:02","guid":{"rendered":"https:\/\/vocesdebaires.com.ar\/?p=34092"},"modified":"2021-08-08T22:38:02","modified_gmt":"2021-08-09T01:38:02","slug":"santilli-carrio-y-montenegro-juntos-recorrieron-la-ciudad-de-mar-del-plata","status":"publish","type":"post","link":"https:\/\/vocesdebaires.com.ar\/index.php\/2021\/08\/09\/santilli-carrio-y-montenegro-juntos-recorrieron-la-ciudad-de-mar-del-plata\/","title":{"rendered":"Santilli, Carri\u00f3 y Montenegro juntos recorrieron la ciudad de Mar del Plata"},"content":{"rendered":"<p>El precandidato a diputado nacional de Juntos, Diego Santilli, recorri\u00f3 el pasado viernes la ciudad de Mar del Plata. Junto a Elisa Carri\u00f3, el intendente Guillermo Montenegro, el diputado nacional Cristian Ritondo, y el precandidato a senador provincial Alejandro Rabinovich, recorrieron el centro comercial, conversaron con los vecinos y comerciantes, y visitaron el Parque Industrial.<\/p>\n<p>\u201cVemos con preocupaci\u00f3n la falta de coordinaci\u00f3n entre la Naci\u00f3n y la Provincia en la lucha contra el delito y el narcotr\u00e1fico. Hay una decisi\u00f3n pol\u00edtica del kirchnerismo de no abordar la inseguridad, que no es m\u00e1s que dar libertad y tranquilidad a los bonaerenses\u00bb, afirm\u00f3\u00a0 en declaraciones radiales en la ciudad de Mar del Plata el precandidato a diputado nacional de Juntos, Diego Santilli. \u201cLa inseguridad no es un problema ideol\u00f3gico, porque el que m\u00e1s lo sufre es el que toma el colectivo a las 5 de la ma\u00f1ana para ir a trabajar\u201d, sintetiz\u00f3.<\/p>\n<p>\u201cEstamos con una inflaci\u00f3n acumulada del 25,3%. El gobierno proyect\u00f3 29% en su presupuesto. La plata no alcanza. Hay mucha incertidumbre y temor en la gente. Necesitamos generar trabajo, sobre todo en el sector privado, y el \u00fanico motor de crecimiento y de generaci\u00f3n de empleo son las Pymes, el campo, los emprendedores, el sector productivo\u201d, afirm\u00f3 Santilli, durante la recorrida por la Avenida Luro.<\/p>\n<p>Sobre la Primaria de Juntos, Santilli asegur\u00f3: \u201clas discusiones internas contribuyen a hacerle el caldo gordo al oficialismo; nosotros tenemos un adversario que es el kirchnerismo, y estamos trabajando junto a Horacio, Lilita, Patricia, Pichetto, Montenegro, Gustavo Posse y un sector del radicalismo, y todos nuestros intendentes y candidatos para ganar esta elecci\u00f3n y ser una alternativa superadora que enfrente y resuelva los problemas hist\u00f3ricos que tiene la Provincia\u201d.<\/p>\n<p>\u201cEn esta elecci\u00f3n se juega si queremos una Argentina con trabajo privado y que alienta a la producci\u00f3n o uno que le pone la pata en la cabeza al productor o aumenta los impuestos a las Pymes y al sector productivo\u201d, afirm\u00f3 el precandidato a diputado nacional de Juntos. Para finalizar, Diego Santilli relat\u00f3 en una entrevista radial una conversaci\u00f3n que tuvo con Montenegro al inicio de la pandemia: \u201cMe pidi\u00f3 que le haga entender la situaci\u00f3n de Mar del Plata al presidente, y yo lo habl\u00e9. La gente a nosotros nos ped\u00eda una cuarentena inteligente, no mantenerlos encerrados durante un a\u00f1o. Nosotros empezamos en julio esa discusi\u00f3n\u201d.<\/p>\n","protected":false},"excerpt":{"rendered":"<p>El precandidato a diputado nacional de Juntos, Diego Santilli, recorri\u00f3 el pasado viernes la ciudad de Mar del Plata. Junto a Elisa Carri\u00f3, el intendente Guillermo Montenegro, el diputado nacional Cristian Ritondo, y el precandidato a senador provincial Alejandro Rabinovich, recorrieron el centro comercial, conversaron con los vecinos y comerciantes, y visitaron el Parque Industrial. [&hellip;]<\/p>\n","protected":false},"author":3,"featured_media":34093,"comment_status":"open","ping_status":"open","sticky":false,"template":"","format":"standard","meta":{"_et_pb_use_builder":"","_et_pb_old_content":"","_et_gb_content_width":"","footnotes":""},"categories":[34,13],"tags":[],"class_list":["post-34092","post","type-post","status-publish","format-standard","has-post-thumbnail","hentry","category-politica","category-provincia"],"_links":{"self":[{"href":"https:\/\/vocesdebaires.com.ar\/index.php\/wp-json\/wp\/v2\/posts\/34092"}],"collection":[{"href":"https:\/\/vocesdebaires.com.ar\/index.php\/wp-json\/wp\/v2\/posts"}],"about":[{"href":"https:\/\/vocesdebaires.com.ar\/index.php\/wp-json\/wp\/v2\/types\/post"}],"author":[{"embeddable":true,"href":"https:\/\/vocesdebaires.com.ar\/index.php\/wp-json\/wp\/v2\/users\/3"}],"replies":[{"embeddable":true,"href":"https:\/\/vocesdebaires.com.ar\/index.php\/wp-json\/wp\/v2\/comments?post=34092"}],"version-history":[{"count":1,"href":"https:\/\/vocesdebaires.com.ar\/index.php\/wp-json\/wp\/v2\/posts\/34092\/revisions"}],"predecessor-version":[{"id":34094,"href":"https:\/\/vocesdebaires.com.ar\/index.php\/wp-json\/wp\/v2\/posts\/34092\/revisions\/34094"}],"wp:featuredmedia":[{"embeddable":true,"href":"https:\/\/vocesdebaires.com.ar\/index.php\/wp-json\/wp\/v2\/media\/34093"}],"wp:attachment":[{"href":"https:\/\/vocesdebaires.com.ar\/index.php\/wp-json\/wp\/v2\/media?parent=34092"}],"wp:term":[{"taxonomy":"category","embeddable":true,"href":"https:\/\/vocesdebaires.com.ar\/index.php\/wp-json\/wp\/v2\/categories?post=34092"},{"taxonomy":"post_tag","embeddable":true,"href":"https:\/\/vocesdebaires.com.ar\/index.php\/wp-json\/wp\/v2\/tags?post=34092"}],"curies":[{"name":"wp","href":"https:\/\/api.w.org\/{rel}","templated":true}]}}