{"id":34099,"date":"2021-08-10T00:00:48","date_gmt":"2021-08-10T03:00:48","guid":{"rendered":"https:\/\/vocesdebaires.com.ar\/?p=34099"},"modified":"2021-08-09T21:52:30","modified_gmt":"2021-08-10T00:52:30","slug":"almagrocayo-un-ladron-que-robo-dos-bicicletas","status":"publish","type":"post","link":"https:\/\/vocesdebaires.com.ar\/index.php\/2021\/08\/10\/almagrocayo-un-ladron-que-robo-dos-bicicletas\/","title":{"rendered":"Almagro:Cay\u00f3 un ladr\u00f3n que rob\u00f3 dos bicicletas"},"content":{"rendered":"<p>Todo comenz\u00f3 cuando un vecino de 37 a\u00f1os denunci\u00f3 que un delincuente sustrajo dos rodados que hab\u00eda dejado en el garaje de su casa, en Venezuela al 4100, y que, posteriormente, las vio ofrecidas a la venta a trav\u00e9s de la red social \u201cMarketplace\u201d, de Facebook. Ante esta situaci\u00f3n, personal de la Comisar\u00eda Comunal 5 de la Polic\u00eda de la Ciudad se contact\u00f3 con el delincuente para concretar una presunta compra, cuyo punto de encuentro fue la avenida La Plata e Incl\u00e1n, en el l\u00edmite entre Boedo y Parque Chacabuco.<\/p>\n<p>Finalmente los efectivos detuvieron al ladr\u00f3n de 18 a\u00f1os durante la \u00abCompra Controlada\u00bb con las bicicletas sustra\u00eddas por el delito de \u201crobo\u201d, por instrucci\u00f3n del Juzgado Nacional en lo Criminal y Correccional N\u00ba 4 , a cargo del Dr. Ydarola, Secretar\u00eda N\u00ba 113, de la Dra. Lamas. Tambi\u00e9n intervino la Fiscal\u00eda Nacional en lo Criminal y Correccional N\u00ba 30, del Dr. S\u00e1nchez, Secretar\u00eda \u00fanica a cargo del Dr. Campana.<\/p>\n","protected":false},"excerpt":{"rendered":"<p>Todo comenz\u00f3 cuando un vecino de 37 a\u00f1os denunci\u00f3 que un delincuente sustrajo dos rodados que hab\u00eda dejado en el garaje de su casa, en Venezuela al 4100, y que, posteriormente, las vio ofrecidas a la venta a trav\u00e9s de la red social \u201cMarketplace\u201d, de Facebook. Ante esta situaci\u00f3n, personal de la Comisar\u00eda Comunal 5 [&hellip;]<\/p>\n","protected":false},"author":3,"featured_media":34100,"comment_status":"open","ping_status":"open","sticky":false,"template":"","format":"standard","meta":{"_et_pb_use_builder":"","_et_pb_old_content":"","_et_gb_content_width":"","footnotes":""},"categories":[11,32],"tags":[],"class_list":["post-34099","post","type-post","status-publish","format-standard","has-post-thumbnail","hentry","category-ciudad","category-comunas"],"_links":{"self":[{"href":"https:\/\/vocesdebaires.com.ar\/index.php\/wp-json\/wp\/v2\/posts\/34099"}],"collection":[{"href":"https:\/\/vocesdebaires.com.ar\/index.php\/wp-json\/wp\/v2\/posts"}],"about":[{"href":"https:\/\/vocesdebaires.com.ar\/index.php\/wp-json\/wp\/v2\/types\/post"}],"author":[{"embeddable":true,"href":"https:\/\/vocesdebaires.com.ar\/index.php\/wp-json\/wp\/v2\/users\/3"}],"replies":[{"embeddable":true,"href":"https:\/\/vocesdebaires.com.ar\/index.php\/wp-json\/wp\/v2\/comments?post=34099"}],"version-history":[{"count":1,"href":"https:\/\/vocesdebaires.com.ar\/index.php\/wp-json\/wp\/v2\/posts\/34099\/revisions"}],"predecessor-version":[{"id":34101,"href":"https:\/\/vocesdebaires.com.ar\/index.php\/wp-json\/wp\/v2\/posts\/34099\/revisions\/34101"}],"wp:featuredmedia":[{"embeddable":true,"href":"https:\/\/vocesdebaires.com.ar\/index.php\/wp-json\/wp\/v2\/media\/34100"}],"wp:attachment":[{"href":"https:\/\/vocesdebaires.com.ar\/index.php\/wp-json\/wp\/v2\/media?parent=34099"}],"wp:term":[{"taxonomy":"category","embeddable":true,"href":"https:\/\/vocesdebaires.com.ar\/index.php\/wp-json\/wp\/v2\/categories?post=34099"},{"taxonomy":"post_tag","embeddable":true,"href":"https:\/\/vocesdebaires.com.ar\/index.php\/wp-json\/wp\/v2\/tags?post=34099"}],"curies":[{"name":"wp","href":"https:\/\/api.w.org\/{rel}","templated":true}]}}