{"id":34102,"date":"2021-08-10T00:00:33","date_gmt":"2021-08-10T03:00:33","guid":{"rendered":"https:\/\/vocesdebaires.com.ar\/?p=34102"},"modified":"2021-08-09T21:59:08","modified_gmt":"2021-08-10T00:59:08","slug":"santilli-larreta-y-valenzuela-participaron-una-caminata-por-3-de-febrero","status":"publish","type":"post","link":"https:\/\/vocesdebaires.com.ar\/index.php\/2021\/08\/10\/santilli-larreta-y-valenzuela-participaron-una-caminata-por-3-de-febrero\/","title":{"rendered":"Santilli, Larreta y Valenzuela: En una caminata por 3 de Febrero"},"content":{"rendered":"<p>El precandidato a diputado nacional de Juntos por la Provincia, Diego Santilli, remarc\u00f3 ayer lunes la necesidad de bajar la presi\u00f3n impositiva para favorecer a las PyMEs y \u201cpotenciar\u201d las fuentes de trabajo, al participar de una caminata por las calles de 3 de Febrero junto al jefe de Gobierno porte\u00f1o, Horacio Rodr\u00edguez Larreta, y el intendente local, Diego Valenzuela.<br \/>\n\u00abLa gente necesita tener trabajo, y que le alcance para llegar a fin de mes.<\/p>\n<p>Las PyMEs no pueden generar trabajo porque la presi\u00f3n tributaria es alt\u00edsima, los asfixian con tantos impuestos\u00bb, expres\u00f3 Santilli ante los comerciantes que tienen sus negocios instalados en el Centro Comercial a Cielo Abierto de la ciudad. En materia educativa, el precandidato de Juntos asegur\u00f3 que \u201cla pandemia educativa es fuerte\u201d, y reclam\u00f3 \u201cevaluar el resultado de esta pandemia para tratar de corregir lo que la pandemia nos dej\u00f3 en t\u00e9rminos educativos, en no tener clases un a\u00f1o y medio, que en la provincia ha sido muy doloroso\u00bb.<\/p>\n<p>\u00abA cada agresi\u00f3n respondemos con una propuesta, con trabajo, estando cerca de los vecinos, acompa\u00f1\u00e1ndolos, escuchando, entendiendo sus problemas y confiando en el trabajo de cada uno de ellos. As\u00ed se sale adelante\u00bb, dijo Santilli. Larreta, por su parte, destac\u00f3 que en la Ciudad de Buenos Aires \u201clos chicos est\u00e1n en las aulas, incluso empezamos las clases antes, el 17 de febrero, para recuperar algunos de los d\u00edas perdidos el a\u00f1o pasado\u00bb.<\/p>\n<p>\u201cLos chicos tienen que estar en las clases y es una diferencia clara que hemos tenido con la provincia de Buenos Aires. Para nosotros la educaci\u00f3n es prioridad, siempre ha sido prioridad\u00bb, remarc\u00f3. En tanto, Valenzuela resalt\u00f3 la tarea que viene realizando el distrito contra el Covid-19. \u201cTenemos estos puntos de testeo como los tiene la Ciudad para asintom\u00e1ticos. Las personas que tienen s\u00edntomas van a los centros de salud y el que no tiene s\u00edntomas, que fue a la plaza o a comprar algo al centro comercial puede testearse\u201d.<\/p>\n","protected":false},"excerpt":{"rendered":"<p>El precandidato a diputado nacional de Juntos por la Provincia, Diego Santilli, remarc\u00f3 ayer lunes la necesidad de bajar la presi\u00f3n impositiva para favorecer a las PyMEs y \u201cpotenciar\u201d las fuentes de trabajo, al participar de una caminata por las calles de 3 de Febrero junto al jefe de Gobierno porte\u00f1o, Horacio Rodr\u00edguez Larreta, y [&hellip;]<\/p>\n","protected":false},"author":3,"featured_media":34103,"comment_status":"open","ping_status":"open","sticky":false,"template":"","format":"standard","meta":{"_et_pb_use_builder":"","_et_pb_old_content":"","_et_gb_content_width":"","footnotes":""},"categories":[34,13],"tags":[],"class_list":["post-34102","post","type-post","status-publish","format-standard","has-post-thumbnail","hentry","category-politica","category-provincia"],"_links":{"self":[{"href":"https:\/\/vocesdebaires.com.ar\/index.php\/wp-json\/wp\/v2\/posts\/34102"}],"collection":[{"href":"https:\/\/vocesdebaires.com.ar\/index.php\/wp-json\/wp\/v2\/posts"}],"about":[{"href":"https:\/\/vocesdebaires.com.ar\/index.php\/wp-json\/wp\/v2\/types\/post"}],"author":[{"embeddable":true,"href":"https:\/\/vocesdebaires.com.ar\/index.php\/wp-json\/wp\/v2\/users\/3"}],"replies":[{"embeddable":true,"href":"https:\/\/vocesdebaires.com.ar\/index.php\/wp-json\/wp\/v2\/comments?post=34102"}],"version-history":[{"count":2,"href":"https:\/\/vocesdebaires.com.ar\/index.php\/wp-json\/wp\/v2\/posts\/34102\/revisions"}],"predecessor-version":[{"id":34105,"href":"https:\/\/vocesdebaires.com.ar\/index.php\/wp-json\/wp\/v2\/posts\/34102\/revisions\/34105"}],"wp:featuredmedia":[{"embeddable":true,"href":"https:\/\/vocesdebaires.com.ar\/index.php\/wp-json\/wp\/v2\/media\/34103"}],"wp:attachment":[{"href":"https:\/\/vocesdebaires.com.ar\/index.php\/wp-json\/wp\/v2\/media?parent=34102"}],"wp:term":[{"taxonomy":"category","embeddable":true,"href":"https:\/\/vocesdebaires.com.ar\/index.php\/wp-json\/wp\/v2\/categories?post=34102"},{"taxonomy":"post_tag","embeddable":true,"href":"https:\/\/vocesdebaires.com.ar\/index.php\/wp-json\/wp\/v2\/tags?post=34102"}],"curies":[{"name":"wp","href":"https:\/\/api.w.org\/{rel}","templated":true}]}}