{"id":3411,"date":"2019-02-13T03:00:00","date_gmt":"2019-02-13T06:00:00","guid":{"rendered":"http:\/\/vocesdebaires.com.ar\/wordpress\/index.php\/2019\/02\/13\/ciudad-hombres-orquesta-en-la-plaza-almagro\/"},"modified":"2019-02-13T03:00:00","modified_gmt":"2019-02-13T06:00:00","slug":"ciudad-hombres-orquesta-en-la-plaza-almagro","status":"publish","type":"post","link":"https:\/\/vocesdebaires.com.ar\/index.php\/2019\/02\/13\/ciudad-hombres-orquesta-en-la-plaza-almagro\/","title":{"rendered":"Ciudad: Hombres Orquesta en la plaza Almagro"},"content":{"rendered":"<p>Est\u00e1n todos invitados a disfrutar hoy mi\u00e9rcoles 13 a las 19.30 hs a que vengas a Sarmiento y Bulnes en familia de un espect\u00e1culo imperdible! Acercate a la plaza Almagro y descubr\u00ed la propuesta art\u00edstica de Hombres Orquesta, un espect\u00e1culo que combina el humor musical con la comedia f\u00edsica y las artes circenses, clownescas y visuales.Adem\u00e1s, vas a pasar una linda tarde con: magia, t\u00edteres, globolog\u00eda, burbujas , Animaciones, m\u00fasica, teatro, malabares, talleres , payaso y muchas cosas mas, se suspende por lluvia. siempre hay algo que hacer en la ciudad.<\/p>\n","protected":false},"excerpt":{"rendered":"<p>Est\u00e1n todos invitados a disfrutar hoy mi\u00e9rcoles 13 a las 19.30 hs a que vengas a Sarmiento y Bulnes en familia de un espect\u00e1culo imperdible! Acercate a la plaza Almagro y descubr\u00ed la propuesta art\u00edstica de Hombres Orquesta, un espect\u00e1culo que combina el humor musical con la comedia f\u00edsica y las artes circenses, clownescas y [&hellip;]<\/p>\n","protected":false},"author":1,"featured_media":3412,"comment_status":"open","ping_status":"open","sticky":false,"template":"","format":"standard","meta":{"_et_pb_use_builder":"","_et_pb_old_content":"","_et_gb_content_width":"","footnotes":""},"categories":[11,32],"tags":[],"class_list":["post-3411","post","type-post","status-publish","format-standard","has-post-thumbnail","hentry","category-ciudad","category-comunas"],"_links":{"self":[{"href":"https:\/\/vocesdebaires.com.ar\/index.php\/wp-json\/wp\/v2\/posts\/3411"}],"collection":[{"href":"https:\/\/vocesdebaires.com.ar\/index.php\/wp-json\/wp\/v2\/posts"}],"about":[{"href":"https:\/\/vocesdebaires.com.ar\/index.php\/wp-json\/wp\/v2\/types\/post"}],"author":[{"embeddable":true,"href":"https:\/\/vocesdebaires.com.ar\/index.php\/wp-json\/wp\/v2\/users\/1"}],"replies":[{"embeddable":true,"href":"https:\/\/vocesdebaires.com.ar\/index.php\/wp-json\/wp\/v2\/comments?post=3411"}],"version-history":[{"count":0,"href":"https:\/\/vocesdebaires.com.ar\/index.php\/wp-json\/wp\/v2\/posts\/3411\/revisions"}],"wp:featuredmedia":[{"embeddable":true,"href":"https:\/\/vocesdebaires.com.ar\/index.php\/wp-json\/wp\/v2\/media\/3412"}],"wp:attachment":[{"href":"https:\/\/vocesdebaires.com.ar\/index.php\/wp-json\/wp\/v2\/media?parent=3411"}],"wp:term":[{"taxonomy":"category","embeddable":true,"href":"https:\/\/vocesdebaires.com.ar\/index.php\/wp-json\/wp\/v2\/categories?post=3411"},{"taxonomy":"post_tag","embeddable":true,"href":"https:\/\/vocesdebaires.com.ar\/index.php\/wp-json\/wp\/v2\/tags?post=3411"}],"curies":[{"name":"wp","href":"https:\/\/api.w.org\/{rel}","templated":true}]}}