{"id":34127,"date":"2021-08-11T00:32:20","date_gmt":"2021-08-11T03:32:20","guid":{"rendered":"https:\/\/vocesdebaires.com.ar\/?p=34127"},"modified":"2021-08-11T00:32:45","modified_gmt":"2021-08-11T03:32:45","slug":"santilli-junto-a-larreta-hay-que-volver-a-reconstruir-la-matriz-productiva","status":"publish","type":"post","link":"https:\/\/vocesdebaires.com.ar\/index.php\/2021\/08\/11\/santilli-junto-a-larreta-hay-que-volver-a-reconstruir-la-matriz-productiva\/","title":{"rendered":"Santilli junto a Larreta: \u00abHay que volver a reconstruir la matriz productiva"},"content":{"rendered":"<p>El precandidato a diputado nacional por Juntos, Diego Santilli, visit\u00f3 esta ma\u00f1ana Hurlingham junto al Jefe de Gobierno de Caba, Horacio Rodr\u00edguez Larreta, al diputado nacional Cristian Ritondo y al 1er candidato a concejal de Hurlingham, Lucas Delfino. Durante una charla con vecinos llevada a cabo en la sede de la Sociedad Fomento Unidos de Villa Club, en William C. Morris, Santilli destac\u00f3: \u201cLo que est\u00e1 pidiendo la gente es libertad, salir de la casa al trabajo y del trabajo a casa para sentirse seguros en sus casas. Dicen que se organizan entre los vecinos cada vez que uno vuelve del trabajo y empiezan a llamarse, no se puede vivir de esa manera. Tampoco se resuelve de la noche a la ma\u00f1ana pero se resuelve enfrentando los problemas, enfrentando la inseguridad, empujando a los que vienen a lastimarte, combatiendo a los que venden drogas que est\u00e1n volviendo a los barrios, este es otro de los temas que empieza a surgir en cada una de las reuniones\u201d.<\/p>\n<p>\u201cY tambi\u00e9n \u2013agreg\u00f3- hay una angustia muy grande de la gente donde hay mucho comentario de los hijos sobre querer ir a buscar un destino a otro pa\u00eds, ya sea un pa\u00eds vecino nuestro u otro pa\u00eds del mundo, y hay una angustia de los pap\u00e1s y las mam\u00e1s porque eso no pase, por el desarraigo, la distancia. La presi\u00f3n impositiva, varias pymes plantearon el tema de los impuestos, que no dan m\u00e1s, que no les permite generar trabajo y oportunidades, que la carga fiscal los agobia\u201d. \u201cAyer fuimos hasta Mor\u00f3n, al Palomar. La gente que se bajaba del tren con su mochila y se tomaba un avi\u00f3n e iba a alguna parte de nuestro pa\u00eds, y eso le da trabajo tambi\u00e9n al resto del pa\u00eds, son 15 mil puestos de trabajo directos. De eso se trata, de volver a reconstruir la matriz productiva de nuestro pa\u00eds que genere laburo todos los d\u00edas\u00bb, continu\u00f3 el 1\u00b0 precandidato a Diputado nacional por Juntos.<\/p>\n<p>\u201cProhibieron la exportaci\u00f3n de la carne y qu\u00e9 termin\u00f3 pasando? Perdieron los productores, perdieron los frigor\u00edficos que pasaron a\u00f1os construyendo mercados, perdi\u00f3 la gente que perdi\u00f3 su trabajo, y perdi\u00f3 la sociedad argentina que tiene la carne 18% m\u00e1s cara. Sabes qui\u00e9n gan\u00f3? Los pa\u00edses lim\u00edtrofes que pudieron tomar mercados que nosotros tenemos. Se trata de eso, de generar trabajo, de bajar los precios, de que la gente pueda vivir un poco mejor. No apliquemos la vieja receta con la que nos fue mal en nuestro pa\u00eds hist\u00f3ricamente\u00bb, complet\u00f3.<br \/>\nPor su parte, Horacio Rodr\u00edguez Larreta afirm\u00f3 que \u201cla gente est\u00e1 muy preocupada\u201d porque \u201cotra vez vuelve a surgir el tema de la seguridad\u201d. \u201cEn todas las reuniones de vecinos que hacemos en el conurbano es terrible la preocupaci\u00f3n que hay, todos tienen alg\u00fan caso.<\/p>\n<p>Despu\u00e9s la preocupaci\u00f3n de la falta de laburo, de que los chicos se quieren ir de la Argentina, la verdad que hay un clima de mucha preocupaci\u00f3n. Pero tambi\u00e9n coinciden en que se puede, mostramos siempre el ejemplo de la Ciudad de Buenos Aires, c\u00f3mo pudimos mantener las clases, algo tan importante, ver a los chicos en las escuelas todo este tiempo cuando en la provincia no\u201d, explic\u00f3.\u00bbSe pone en juego no solo las bancas de diputados, senadores, legisladores provinciales, sino tambi\u00e9n el modelo de pa\u00eds que queremos. Nosotros estamos convencidos de que hay que buscar un cambio, hoy tenemos un modelo de pa\u00eds en el cual los chicos eligen vivir en otro pa\u00eds, eligen irse, y eso es lo que tenemos que cambiar.<\/p>\n<p>Necesitamos un pa\u00eds que genere trabajo, esa es la palabra m\u00e1s importante, y como dec\u00eda Diego, en base a la educaci\u00f3n, con los chicos en las aulas. No podemos estar discutiendo si los chicos tienen que estar en el aula o no, algo tan elemental como eso. Nosotros planteamos un modelo basado en la educaci\u00f3n, en el laburo, que garantice la seguridad, que garantice un verdadero federalismo, inversiones y trabajo a lo largo de toda la Argentina y no en esta fuerte concentraci\u00f3n que hay alrededor del \u00e1rea metropolitana, un pa\u00eds en el cual podamos enfrentar una pandemia como hicimos en la Ciudad, atendiendo a todos por igual, con un buen sistema de vacunaci\u00f3n.<\/p>\n<p>Eso es lo que queremos y eso es lo que se discute, qu\u00e9 pa\u00eds queremos para nuestros hijos\u00bb, complet\u00f3. \u201cEstamos muy contentos con el espacio que conformamos en Hurlingham, donde hay representantes de varios sectores, y es un orgullo que se incorpore formalmente el presidente del radicalismo a nuestra lista para competir en las elecciones apoyando a Diego Santilli\u201d, expres\u00f3 Lucas Delfino durante la charla y se\u00f1al\u00f3 que \u201ccon Horacio y Diego venimos trabajando hace mucho tiempo, y estoy convencido que podemos transformar Hurlingham como se hizo con la Ciudad de Buenos Aires, con trabajo, planificaci\u00f3n y esfuerzo\u201d.<\/p>\n","protected":false},"excerpt":{"rendered":"<p>El precandidato a diputado nacional por Juntos, Diego Santilli, visit\u00f3 esta ma\u00f1ana Hurlingham junto al Jefe de Gobierno de Caba, Horacio Rodr\u00edguez Larreta, al diputado nacional Cristian Ritondo y al 1er candidato a concejal de Hurlingham, Lucas Delfino. Durante una charla con vecinos llevada a cabo en la sede de la Sociedad Fomento Unidos de [&hellip;]<\/p>\n","protected":false},"author":2,"featured_media":34128,"comment_status":"open","ping_status":"open","sticky":false,"template":"","format":"standard","meta":{"_et_pb_use_builder":"","_et_pb_old_content":"","_et_gb_content_width":"","footnotes":""},"categories":[34,13],"tags":[],"class_list":["post-34127","post","type-post","status-publish","format-standard","has-post-thumbnail","hentry","category-politica","category-provincia"],"_links":{"self":[{"href":"https:\/\/vocesdebaires.com.ar\/index.php\/wp-json\/wp\/v2\/posts\/34127"}],"collection":[{"href":"https:\/\/vocesdebaires.com.ar\/index.php\/wp-json\/wp\/v2\/posts"}],"about":[{"href":"https:\/\/vocesdebaires.com.ar\/index.php\/wp-json\/wp\/v2\/types\/post"}],"author":[{"embeddable":true,"href":"https:\/\/vocesdebaires.com.ar\/index.php\/wp-json\/wp\/v2\/users\/2"}],"replies":[{"embeddable":true,"href":"https:\/\/vocesdebaires.com.ar\/index.php\/wp-json\/wp\/v2\/comments?post=34127"}],"version-history":[{"count":1,"href":"https:\/\/vocesdebaires.com.ar\/index.php\/wp-json\/wp\/v2\/posts\/34127\/revisions"}],"predecessor-version":[{"id":34129,"href":"https:\/\/vocesdebaires.com.ar\/index.php\/wp-json\/wp\/v2\/posts\/34127\/revisions\/34129"}],"wp:featuredmedia":[{"embeddable":true,"href":"https:\/\/vocesdebaires.com.ar\/index.php\/wp-json\/wp\/v2\/media\/34128"}],"wp:attachment":[{"href":"https:\/\/vocesdebaires.com.ar\/index.php\/wp-json\/wp\/v2\/media?parent=34127"}],"wp:term":[{"taxonomy":"category","embeddable":true,"href":"https:\/\/vocesdebaires.com.ar\/index.php\/wp-json\/wp\/v2\/categories?post=34127"},{"taxonomy":"post_tag","embeddable":true,"href":"https:\/\/vocesdebaires.com.ar\/index.php\/wp-json\/wp\/v2\/tags?post=34127"}],"curies":[{"name":"wp","href":"https:\/\/api.w.org\/{rel}","templated":true}]}}