{"id":3413,"date":"2019-02-13T03:00:00","date_gmt":"2019-02-13T06:00:00","guid":{"rendered":"http:\/\/vocesdebaires.com.ar\/wordpress\/index.php\/2019\/02\/13\/licencias-por-celular-registro-virtual\/"},"modified":"2019-02-13T03:00:00","modified_gmt":"2019-02-13T06:00:00","slug":"licencias-por-celular-registro-virtual","status":"publish","type":"post","link":"https:\/\/vocesdebaires.com.ar\/index.php\/2019\/02\/13\/licencias-por-celular-registro-virtual\/","title":{"rendered":"Licencias por celular: Registro virtual"},"content":{"rendered":"<p>La Secretar\u00eda de Gobierno de Modernizaci\u00f3n, el Ministerio de Transporte y la Agencia Nacional de Seguridad Vial anunciaron\u00a0ayer \u00a0martes la implementaci\u00f3n del registro de conducir digital. Se podr\u00e1 acceder a la versi\u00f3n digital trav\u00e9s de la app Mi Argentina y este formato tendr\u00e1 la misma validez que la versi\u00f3n f\u00edsica y se podr\u00e1 presentar desde el celular en cualquier control.La\u00a0 presentaci\u00f3n estuvo a cargo del ministro de Transporte de la Naci\u00f3n, Guillermo Dietrich junto al secretario de modernizaci\u00f3n, Andr\u00e9s Ibarra, y el director ejecutivo de la Agencia Nacional de Seguridad Vial, Carlos P\u00e9rez.<\/p>\n<p>La plataforma digital\u00a0 se podr\u00e1 descargar desde las tiendas de aplicaciones para formatos\u00a0 App Store o Google Play, guardar\u00e1 los datos actualizados del registro y del titular. Adem\u00e1s, informar\u00e1 sobre la fecha de vencimiento y asesorar\u00e1 al conductor sobre el tr\u00e1mite de renovaci\u00f3n.La secci\u00f3n Credenciales de esa aplicaci\u00f3n cuenta con una variedad de documentos digitales, como la constancia de CUIL (Cuenta \u00danica de Identificaci\u00f3n Laboral), el certificado \u00fanico de discapacidad, la credencial de trasplantado y en breve la licencia nacional de conducir.En un futuro tambi\u00e9n estar\u00e1n los formatos digitales de la c\u00e9dula verde, la c\u00e9dula azul, la tarjeta del seguro automotor, el documento nacional de identidad (DNI) y el pasaporte, apuntaron las fuentes.<\/p>\n<p>Una vez descargada la app, el primer paso consistir\u00e1 en validar la identidad. El usuario dispone de dos opciones para hacerlo: una en forma remota desde la app y otra, en forma presencial, en los Centros de Documentaci\u00f3n R\u00e1pida del Renaper. El tr\u00e1mite no tiene costo y la versi\u00f3n digital se genera autom\u00e1ticamente al tener una Licencia Nacional de Conducir vigente. Si uno decide utilizar la v\u00eda m\u00f3vil, lo primero ser\u00e1 ingresar el n\u00famero de CUIL y una direcci\u00f3n de correo electr\u00f3nico. Una vez validados los datos, la aplicaci\u00f3n proceder\u00e1 a escanear el documento nacional de frente y reverso a trav\u00e9s de un sistema de identidad digital.<\/p>\n<p>El siguiente paso ser\u00e1, mediante un sistema biom\u00e9trico, sacar varias fotos del rostro (gui\u00f1ando un ojo, girando levemente la cara) para verificar que la persona en el pl\u00e1stico coincida con quien solicita la digitalizaci\u00f3n. El proceso no es sencillo, ya que se necesita una buena iluminaci\u00f3n y una c\u00e1mara capaz de lograr un buen enfoque. Una vez finalizado el tr\u00e1mite, la licencia tendr\u00e1 validez en todo el pa\u00eds y se podr\u00e1 presentar en los controles de tr\u00e1nsito para corroborar la habilitaci\u00f3n para manejar. Lo interesante es que Mi Argentina no se limita a una captura de la licencia f\u00edsica sino que la informaci\u00f3n est\u00e1 guardada en una base de datos.<\/p>\n","protected":false},"excerpt":{"rendered":"<p>La Secretar\u00eda de Gobierno de Modernizaci\u00f3n, el Ministerio de Transporte y la Agencia Nacional de Seguridad Vial anunciaron\u00a0ayer \u00a0martes la implementaci\u00f3n del registro de conducir digital. Se podr\u00e1 acceder a la versi\u00f3n digital trav\u00e9s de la app Mi Argentina y este formato tendr\u00e1 la misma validez que la versi\u00f3n f\u00edsica y se podr\u00e1 presentar desde [&hellip;]<\/p>\n","protected":false},"author":1,"featured_media":3414,"comment_status":"open","ping_status":"open","sticky":false,"template":"","format":"standard","meta":{"_et_pb_use_builder":"","_et_pb_old_content":"","_et_gb_content_width":"","footnotes":""},"categories":[11,33],"tags":[],"class_list":["post-3413","post","type-post","status-publish","format-standard","has-post-thumbnail","hentry","category-ciudad","category-sociedad-y-cultura-2"],"_links":{"self":[{"href":"https:\/\/vocesdebaires.com.ar\/index.php\/wp-json\/wp\/v2\/posts\/3413"}],"collection":[{"href":"https:\/\/vocesdebaires.com.ar\/index.php\/wp-json\/wp\/v2\/posts"}],"about":[{"href":"https:\/\/vocesdebaires.com.ar\/index.php\/wp-json\/wp\/v2\/types\/post"}],"author":[{"embeddable":true,"href":"https:\/\/vocesdebaires.com.ar\/index.php\/wp-json\/wp\/v2\/users\/1"}],"replies":[{"embeddable":true,"href":"https:\/\/vocesdebaires.com.ar\/index.php\/wp-json\/wp\/v2\/comments?post=3413"}],"version-history":[{"count":0,"href":"https:\/\/vocesdebaires.com.ar\/index.php\/wp-json\/wp\/v2\/posts\/3413\/revisions"}],"wp:featuredmedia":[{"embeddable":true,"href":"https:\/\/vocesdebaires.com.ar\/index.php\/wp-json\/wp\/v2\/media\/3414"}],"wp:attachment":[{"href":"https:\/\/vocesdebaires.com.ar\/index.php\/wp-json\/wp\/v2\/media?parent=3413"}],"wp:term":[{"taxonomy":"category","embeddable":true,"href":"https:\/\/vocesdebaires.com.ar\/index.php\/wp-json\/wp\/v2\/categories?post=3413"},{"taxonomy":"post_tag","embeddable":true,"href":"https:\/\/vocesdebaires.com.ar\/index.php\/wp-json\/wp\/v2\/tags?post=3413"}],"curies":[{"name":"wp","href":"https:\/\/api.w.org\/{rel}","templated":true}]}}