{"id":34135,"date":"2021-08-12T00:00:57","date_gmt":"2021-08-12T03:00:57","guid":{"rendered":"https:\/\/vocesdebaires.com.ar\/?p=34135"},"modified":"2021-08-11T23:28:37","modified_gmt":"2021-08-12T02:28:37","slug":"santilli-patricia-bullrich-realizaron-una-recorrida-por-la-plata","status":"publish","type":"post","link":"https:\/\/vocesdebaires.com.ar\/index.php\/2021\/08\/12\/santilli-patricia-bullrich-realizaron-una-recorrida-por-la-plata\/","title":{"rendered":"Santilli, Patricia Bullrich: Realizaron una recorrida por La Plata"},"content":{"rendered":"<p>El precandidato a diputado nacional por Juntos, Diego Santilli, realiz\u00f3 en el d\u00eda de ayer una recorrida por La Plata y particip\u00f3 de una reuni\u00f3n con vecinos, en la que asegur\u00f3 que la inseguridad en la Provincia va en aumento, pero en el gobierno de Axel Kicllof \u201cpareciera que no hay ganas de planificar ni de cuidar a la gente\u201d. Acompa\u00f1ado por la presidenta del PRO, Patricia Bullrich; el intendente de La Plata, Julio Garro; y los precandidatos a diputados nacional y bonaerense, Gerardo Milman y Fabi\u00e1n Perechodnik,<\/p>\n<p>Santilli recorri\u00f3 el Centro Comercial a Cielo Abierto de La Plata y mantuvo un encuentro con vecinos bajo el formato bimodal (algunas personas estuvieron presentes en el lugar y otras participaron de manera virtual) en el Centro de Fomento Social y Deportivo Jos\u00e9 Hern\u00e1ndez, donde se refiri\u00f3 a la inseguridad, uno de los problemas que m\u00e1s preocupa a los vecinos.<br \/>\n\u201cLo que falta en la provincia de Buenos Aires claramente es coordinaci\u00f3n.<\/p>\n<p>Reconozco la actitud que tiene el ministro Sergio Berni, pero pareciera que no hay ganas de planificar, no hay ganas de cuidar a la gente, a las v\u00edctimas, a los que m\u00e1s sufren. Les dan derechos a los victimarios pero las v\u00edctimas son a las que tenemos que proteger\u201d, asegur\u00f3 Santilli. En ese sentido, resalt\u00f3 el trabajo que ha realizado Juntos por el Cambio en materia de seguridad: \u201cCon Patricia logramos una coordinaci\u00f3n y planificaci\u00f3n de trabajo, y los resultados est\u00e1n a la vista. La gente nos dec\u00eda: \u2018Vamos caminando, escuchamos una moto y entramos en p\u00e1nico\u2019. Bajamos un 60% el delito de motochorros, bajamos el robo, el hurto y los homicidios\u201d.<\/p>\n<p>Asimismo, les dej\u00f3 un mensaje a los j\u00f3venes bonaerenses: \u201cMuchos j\u00f3venes hablan de que se quieren ir y construir un futuro mejor en otro lado. Con Patricia y Julio les decimos: \u2018Qu\u00e9dense a pelearla, a construir\u2019. Nosotros vamos a fortalecer todo en lo que nos hemos comprometido: la seguridad, la educaci\u00f3n de los chicos y el trabajo, que son los temas que a la gente le importa\u201d.<br \/>\nEl precandidato a diputado nacional destac\u00f3 que hay \u201cuna oposici\u00f3n unida\u201d, cuyo objetivo es evitar que \u201cse sancionen leyes que avasallan a las instituciones\u201d. En consecuencia, afirm\u00f3 que la interna de Juntos es \u201cpropositiva y sana\u201d.<\/p>\n<p>Bullrich, por su parte, destac\u00f3 \u201cla necesidad de generar un cambio\u201d a nivel nacional: \u201cEl Gobierno ha generado una enorme angustia social y una idea de que el pa\u00eds no tiene futuro. Y si bien hay desaz\u00f3n, nosotros como Juntos por el Cambio estamos logrando de a poquito abrir esa expectativa de futuro y eso se va a ver en los votos. La gente va a votar la expectativa de futuro\u201d, sostuvo.Garro, en tanto, dijo que \u201cestamos muy contentos de recibir a Diego y a Patricia en la ciudad\u201d, y agreg\u00f3 que \u201cestuvimos reunidos con vecinos y comerciantes, escuchando lo que tienen para decirnos. Es a sus preocupaciones y a sus problemas a los que debemos dar respuesta\u201d. \u201cLo que m\u00e1s les preocupa a los vecinos, adem\u00e1s de la situaci\u00f3n econ\u00f3mica, es la inseguridad\u201d, manifest\u00f3.<\/p>\n","protected":false},"excerpt":{"rendered":"<p>El precandidato a diputado nacional por Juntos, Diego Santilli, realiz\u00f3 en el d\u00eda de ayer una recorrida por La Plata y particip\u00f3 de una reuni\u00f3n con vecinos, en la que asegur\u00f3 que la inseguridad en la Provincia va en aumento, pero en el gobierno de Axel Kicllof \u201cpareciera que no hay ganas de planificar ni [&hellip;]<\/p>\n","protected":false},"author":2,"featured_media":34136,"comment_status":"open","ping_status":"open","sticky":false,"template":"","format":"standard","meta":{"_et_pb_use_builder":"","_et_pb_old_content":"","_et_gb_content_width":"","footnotes":""},"categories":[34,13],"tags":[],"class_list":["post-34135","post","type-post","status-publish","format-standard","has-post-thumbnail","hentry","category-politica","category-provincia"],"_links":{"self":[{"href":"https:\/\/vocesdebaires.com.ar\/index.php\/wp-json\/wp\/v2\/posts\/34135"}],"collection":[{"href":"https:\/\/vocesdebaires.com.ar\/index.php\/wp-json\/wp\/v2\/posts"}],"about":[{"href":"https:\/\/vocesdebaires.com.ar\/index.php\/wp-json\/wp\/v2\/types\/post"}],"author":[{"embeddable":true,"href":"https:\/\/vocesdebaires.com.ar\/index.php\/wp-json\/wp\/v2\/users\/2"}],"replies":[{"embeddable":true,"href":"https:\/\/vocesdebaires.com.ar\/index.php\/wp-json\/wp\/v2\/comments?post=34135"}],"version-history":[{"count":1,"href":"https:\/\/vocesdebaires.com.ar\/index.php\/wp-json\/wp\/v2\/posts\/34135\/revisions"}],"predecessor-version":[{"id":34137,"href":"https:\/\/vocesdebaires.com.ar\/index.php\/wp-json\/wp\/v2\/posts\/34135\/revisions\/34137"}],"wp:featuredmedia":[{"embeddable":true,"href":"https:\/\/vocesdebaires.com.ar\/index.php\/wp-json\/wp\/v2\/media\/34136"}],"wp:attachment":[{"href":"https:\/\/vocesdebaires.com.ar\/index.php\/wp-json\/wp\/v2\/media?parent=34135"}],"wp:term":[{"taxonomy":"category","embeddable":true,"href":"https:\/\/vocesdebaires.com.ar\/index.php\/wp-json\/wp\/v2\/categories?post=34135"},{"taxonomy":"post_tag","embeddable":true,"href":"https:\/\/vocesdebaires.com.ar\/index.php\/wp-json\/wp\/v2\/tags?post=34135"}],"curies":[{"name":"wp","href":"https:\/\/api.w.org\/{rel}","templated":true}]}}