{"id":34139,"date":"2021-08-12T00:00:05","date_gmt":"2021-08-12T03:00:05","guid":{"rendered":"https:\/\/vocesdebaires.com.ar\/?p=34139"},"modified":"2021-08-11T23:31:48","modified_gmt":"2021-08-12T02:31:48","slug":"ciudadcapturaron-un-narco-profugo-condenado-a-seis-anos-de-carcel","status":"publish","type":"post","link":"https:\/\/vocesdebaires.com.ar\/index.php\/2021\/08\/12\/ciudadcapturaron-un-narco-profugo-condenado-a-seis-anos-de-carcel\/","title":{"rendered":"Ciudad:Capturaron un narco pr\u00f3fugo condenado a seis a\u00f1os de c\u00e1rcel"},"content":{"rendered":"<p>El delincuente, de 54 a\u00f1os, y con vinculaciones con barrabravas de Independiente, era requerido desde junio de 2018 por el Tribunal Oral en lo Criminal Federal 5, para cumplir una condena de seis a\u00f1os de prisi\u00f3n, en una causa por comercializaci\u00f3n de drogas y tenencia de arma que se inici\u00f3 en marzo de 2011.La detenci\u00f3n estuvo a cargo de la Divisi\u00f3n Operaciones Zona Norte del Departamento Operaciones Narcocriminalidad de la Polic\u00eda de la Ciudad.<\/p>\n<p>Los oficiales de esa divisi\u00f3n ven\u00edan siguiendo la pista para dar con el pr\u00f3fugo y en las \u00faltimas horas la pesquisa dio resultado positivo al detenerlo sobre la avenida Triunvirato al 5800, en Villa Urquiza. En el proceso de esa causa, instruida por el Juzgado en lo Criminal y Correccional 12, se descubri\u00f3 la relaci\u00f3n del detenido con integrantes de la barra brava de Independiente.<br \/>\nEn consulta con el Tribunal solicitante, fue avalada la detenci\u00f3n y se dispuso que el imputado sea alojado en la alcaid\u00eda para su posterior traslado por el Servicio Penitenciario Federal, ya que el encartado debe cumplir una condena a seis a\u00f1os de c\u00e1rcel.<\/p>\n","protected":false},"excerpt":{"rendered":"<p>El delincuente, de 54 a\u00f1os, y con vinculaciones con barrabravas de Independiente, era requerido desde junio de 2018 por el Tribunal Oral en lo Criminal Federal 5, para cumplir una condena de seis a\u00f1os de prisi\u00f3n, en una causa por comercializaci\u00f3n de drogas y tenencia de arma que se inici\u00f3 en marzo de 2011.La detenci\u00f3n [&hellip;]<\/p>\n","protected":false},"author":3,"featured_media":34140,"comment_status":"open","ping_status":"open","sticky":false,"template":"","format":"standard","meta":{"_et_pb_use_builder":"","_et_pb_old_content":"","_et_gb_content_width":"","footnotes":""},"categories":[11,32],"tags":[],"class_list":["post-34139","post","type-post","status-publish","format-standard","has-post-thumbnail","hentry","category-ciudad","category-comunas"],"_links":{"self":[{"href":"https:\/\/vocesdebaires.com.ar\/index.php\/wp-json\/wp\/v2\/posts\/34139"}],"collection":[{"href":"https:\/\/vocesdebaires.com.ar\/index.php\/wp-json\/wp\/v2\/posts"}],"about":[{"href":"https:\/\/vocesdebaires.com.ar\/index.php\/wp-json\/wp\/v2\/types\/post"}],"author":[{"embeddable":true,"href":"https:\/\/vocesdebaires.com.ar\/index.php\/wp-json\/wp\/v2\/users\/3"}],"replies":[{"embeddable":true,"href":"https:\/\/vocesdebaires.com.ar\/index.php\/wp-json\/wp\/v2\/comments?post=34139"}],"version-history":[{"count":1,"href":"https:\/\/vocesdebaires.com.ar\/index.php\/wp-json\/wp\/v2\/posts\/34139\/revisions"}],"predecessor-version":[{"id":34141,"href":"https:\/\/vocesdebaires.com.ar\/index.php\/wp-json\/wp\/v2\/posts\/34139\/revisions\/34141"}],"wp:featuredmedia":[{"embeddable":true,"href":"https:\/\/vocesdebaires.com.ar\/index.php\/wp-json\/wp\/v2\/media\/34140"}],"wp:attachment":[{"href":"https:\/\/vocesdebaires.com.ar\/index.php\/wp-json\/wp\/v2\/media?parent=34139"}],"wp:term":[{"taxonomy":"category","embeddable":true,"href":"https:\/\/vocesdebaires.com.ar\/index.php\/wp-json\/wp\/v2\/categories?post=34139"},{"taxonomy":"post_tag","embeddable":true,"href":"https:\/\/vocesdebaires.com.ar\/index.php\/wp-json\/wp\/v2\/tags?post=34139"}],"curies":[{"name":"wp","href":"https:\/\/api.w.org\/{rel}","templated":true}]}}