{"id":34149,"date":"2021-08-13T00:00:56","date_gmt":"2021-08-13T03:00:56","guid":{"rendered":"https:\/\/vocesdebaires.com.ar\/?p=34149"},"modified":"2021-08-12T23:03:57","modified_gmt":"2021-08-13T02:03:57","slug":"cayo-delincuente-que-robaba-objetos-de-vehiculos-en-estacion","status":"publish","type":"post","link":"https:\/\/vocesdebaires.com.ar\/index.php\/2021\/08\/13\/cayo-delincuente-que-robaba-objetos-de-vehiculos-en-estacion\/","title":{"rendered":"Cay\u00f3 delincuente que robaba objetos de veh\u00edculos en estaci\u00f3n"},"content":{"rendered":"<p>El ladr\u00f3n pudo ser capturado d\u00edas atr\u00e1s mediante un trabajo en conjunto entre la Divisi\u00f3n Anillo Digital de la Polic\u00eda de la Ciudad, que reconoci\u00f3 el veh\u00edculo con el que se mov\u00eda, y la Divisi\u00f3n Operaciones de la Comisar\u00eda Vecinal 12 A, que llev\u00f3 adelante la investigaci\u00f3n y allan\u00f3 dos domicilios en territorio bonaerense. A fines del mes de julio, se recibi\u00f3 en la Comisar\u00eda Vecinal 12 A una denuncia de un hombre que declar\u00f3 que mientras estaba dentro de una estaci\u00f3n de servicio sobre la avenida General Paz, un delincuente se aproxim\u00f3 a su autom\u00f3vil y le sustrajo la rueda de auxilio y otros elementos personales.<\/p>\n<p>En esa oportunidad, se le dio intervenci\u00f3n a la Fiscal\u00eda de los Distritos Saavedra N\u00fa\u00f1ez, a cargo del doctor Jos\u00e9 Mar\u00eda Campagnoli y la Secretar\u00eda de la doctora Del Buono, y se dispuso que la Divisi\u00f3n porte\u00f1a realice la investigaci\u00f3n pertinente para dar con el delincuente. Seg\u00fan se vio en los registros f\u00edlmicos de la estaci\u00f3n de servicio, el delincuente era un hombre robusto, de 1,80 metros de altura aproximadamente, vestido con una campera azul con franjas amarillas y el logo del Club Boca Juniors, un pantal\u00f3n deportivo negro, zapatillas negras con suela blanca y barbijo negro. Adem\u00e1s, se constat\u00f3 que luego de cometer el il\u00edcito, se subi\u00f3 a una Peugeot Partner azul con el distintivo que el capot lo ten\u00eda pintado de negro.<\/p>\n<p>Con esta informaci\u00f3n, m\u00e1s la patente del rodado, el Juzgado Criminal y Correccional N\u00famero 61, a cargo del doctor Rabbione y ante la Secretar\u00eda 77 de la doctora M\u00e1nico, solicit\u00f3 el alta de secuestro del veh\u00edculo y fueron los operadores de la Divisi\u00f3n Anillo Digital de la Polic\u00eda de la Ciudad que lo detectaron en la avenida General Paz y Acceso Oeste, mano al Riachuelo.<br \/>\nDe esta manera, tras irradiar la alerta, el personal policial comenz\u00f3 el seguimiento que concluy\u00f3 con la detenci\u00f3n del conductor y su acompa\u00f1ante en la calle D\u00edaz V\u00e9lez al 900, en Ciudadela, Provincia de Buenos Aires. El Magistrado interventor solicit\u00f3 la detenci\u00f3n de ambos en car\u00e1cter de incomunicados y que sean alojados en la Comisar\u00eda Vecinal 13 C de la Polic\u00eda de la Ciudad, a la espera de la resoluci\u00f3n judicial.<\/p>\n<p>Luego, el personal policial corrobor\u00f3 los domicilios aportados por los detenidos y finalmente la Justicia libr\u00f3 las \u00f3rdenes para llevar adelante los allanamientos en las viviendas ubicadas en la localidad de Jos\u00e9 Le\u00f3n Su\u00e1rez. Con la colaboraci\u00f3n de la DDI de San Mart\u00edn, los oficiales de la Comisar\u00eda Vecinal 12 A de la Polic\u00eda de la Ciudad encabezaron los procedimientos en ambas direcciones. En una de las viviendas, los efectivos encontraron la campera que vest\u00eda el sospechoso el d\u00eda del robo, por lo que se comprob\u00f3 que se trataba del autor del il\u00edcito, motivo por el cual qued\u00f3 detenido sin posibilidad de excarcelaci\u00f3n, mientras que el otro sujeto recuper\u00f3 la libertad tras no poder verificarse su participaci\u00f3n en ning\u00fan hecho.<\/p>\n","protected":false},"excerpt":{"rendered":"<p>El ladr\u00f3n pudo ser capturado d\u00edas atr\u00e1s mediante un trabajo en conjunto entre la Divisi\u00f3n Anillo Digital de la Polic\u00eda de la Ciudad, que reconoci\u00f3 el veh\u00edculo con el que se mov\u00eda, y la Divisi\u00f3n Operaciones de la Comisar\u00eda Vecinal 12 A, que llev\u00f3 adelante la investigaci\u00f3n y allan\u00f3 dos domicilios en territorio bonaerense. A [&hellip;]<\/p>\n","protected":false},"author":3,"featured_media":34150,"comment_status":"open","ping_status":"open","sticky":false,"template":"","format":"standard","meta":{"_et_pb_use_builder":"","_et_pb_old_content":"","_et_gb_content_width":"","footnotes":""},"categories":[11,32],"tags":[],"class_list":["post-34149","post","type-post","status-publish","format-standard","has-post-thumbnail","hentry","category-ciudad","category-comunas"],"_links":{"self":[{"href":"https:\/\/vocesdebaires.com.ar\/index.php\/wp-json\/wp\/v2\/posts\/34149"}],"collection":[{"href":"https:\/\/vocesdebaires.com.ar\/index.php\/wp-json\/wp\/v2\/posts"}],"about":[{"href":"https:\/\/vocesdebaires.com.ar\/index.php\/wp-json\/wp\/v2\/types\/post"}],"author":[{"embeddable":true,"href":"https:\/\/vocesdebaires.com.ar\/index.php\/wp-json\/wp\/v2\/users\/3"}],"replies":[{"embeddable":true,"href":"https:\/\/vocesdebaires.com.ar\/index.php\/wp-json\/wp\/v2\/comments?post=34149"}],"version-history":[{"count":1,"href":"https:\/\/vocesdebaires.com.ar\/index.php\/wp-json\/wp\/v2\/posts\/34149\/revisions"}],"predecessor-version":[{"id":34151,"href":"https:\/\/vocesdebaires.com.ar\/index.php\/wp-json\/wp\/v2\/posts\/34149\/revisions\/34151"}],"wp:featuredmedia":[{"embeddable":true,"href":"https:\/\/vocesdebaires.com.ar\/index.php\/wp-json\/wp\/v2\/media\/34150"}],"wp:attachment":[{"href":"https:\/\/vocesdebaires.com.ar\/index.php\/wp-json\/wp\/v2\/media?parent=34149"}],"wp:term":[{"taxonomy":"category","embeddable":true,"href":"https:\/\/vocesdebaires.com.ar\/index.php\/wp-json\/wp\/v2\/categories?post=34149"},{"taxonomy":"post_tag","embeddable":true,"href":"https:\/\/vocesdebaires.com.ar\/index.php\/wp-json\/wp\/v2\/tags?post=34149"}],"curies":[{"name":"wp","href":"https:\/\/api.w.org\/{rel}","templated":true}]}}