{"id":34162,"date":"2021-08-13T00:00:06","date_gmt":"2021-08-13T03:00:06","guid":{"rendered":"https:\/\/vocesdebaires.com.ar\/?p=34162"},"modified":"2021-08-12T23:21:54","modified_gmt":"2021-08-13T02:21:54","slug":"santilli-recorrio-junto-a-carrio-la-ciudad-de-san-antonio-de-areco","status":"publish","type":"post","link":"https:\/\/vocesdebaires.com.ar\/index.php\/2021\/08\/13\/santilli-recorrio-junto-a-carrio-la-ciudad-de-san-antonio-de-areco\/","title":{"rendered":"Santilli recorri\u00f3 junto a Carri\u00f3 la ciudad de San Antonio de Areco\u00a0\u00a0"},"content":{"rendered":"<p>El precandidato a diputado nacional por Juntos Diego Santilli recorri\u00f3 ayer al mediod\u00eda la ciudad de San Antonio de Areco, acompa\u00f1ado por Elisa Carri\u00f3 y la diputada bonaerense Marcela Campagnoli. Fueron recibidos por el intendente, Francisco Ratto, con quien recorrieron las calles del municipio y charlaron con vecinos, comerciantes y productores de la zona sobre los problemas que m\u00e1s los aquejan.<\/p>\n<p>Santilli, quien reconoci\u00f3 que tiene un \u201cafecto especial por Areco\u201d, se expres\u00f3 tras la charla con los vecinos: \u201cQueremos mayor seguridad, que nuestros hijos tengan mejor educaci\u00f3n, vivir en paz y que los chacareros puedan trabajar su tierra. Queremos llegar al Congreso para presentar proyectos que protejan a los argentinos\u201d. Antes de continuar su recorrida por Ramallo y Capit\u00e1n Sarmiento, Santilli se refiri\u00f3 a la delicada situaci\u00f3n econ\u00f3mica y el deteriorado sistema educativo, otros de los aspectos que preocupan a los vecinos bonaerenses: \u201cNecesitamos gente de trabajo. Menos planes, m\u00e1s laburo y lograr una mejor educaci\u00f3n para nuestros hijos\u201d.<\/p>\n<p>Carri\u00f3 adhiri\u00f3 a sus palabras y asegur\u00f3 que la lista que encabeza el precandidato a diputado nacional cuenta con la capacidad requerida para luchar contra la inseguridad: \u201cTiene enorme experiencia para proteger a los trabajadores, que reclaman que los matan para robarles el celular. Los pobres son las principales v\u00edctimas de la inseguridad\u201d. \u201cLa revoluci\u00f3n republicana viene acompa\u00f1ada con menos impuestos y m\u00e1s emprendedores\u201d, concluy\u00f3 Carri\u00f3.<\/p>\n","protected":false},"excerpt":{"rendered":"<p>El precandidato a diputado nacional por Juntos Diego Santilli recorri\u00f3 ayer al mediod\u00eda la ciudad de San Antonio de Areco, acompa\u00f1ado por Elisa Carri\u00f3 y la diputada bonaerense Marcela Campagnoli. Fueron recibidos por el intendente, Francisco Ratto, con quien recorrieron las calles del municipio y charlaron con vecinos, comerciantes y productores de la zona sobre [&hellip;]<\/p>\n","protected":false},"author":2,"featured_media":34163,"comment_status":"open","ping_status":"open","sticky":false,"template":"","format":"standard","meta":{"_et_pb_use_builder":"","_et_pb_old_content":"","_et_gb_content_width":"","footnotes":""},"categories":[34,13],"tags":[],"class_list":["post-34162","post","type-post","status-publish","format-standard","has-post-thumbnail","hentry","category-politica","category-provincia"],"_links":{"self":[{"href":"https:\/\/vocesdebaires.com.ar\/index.php\/wp-json\/wp\/v2\/posts\/34162"}],"collection":[{"href":"https:\/\/vocesdebaires.com.ar\/index.php\/wp-json\/wp\/v2\/posts"}],"about":[{"href":"https:\/\/vocesdebaires.com.ar\/index.php\/wp-json\/wp\/v2\/types\/post"}],"author":[{"embeddable":true,"href":"https:\/\/vocesdebaires.com.ar\/index.php\/wp-json\/wp\/v2\/users\/2"}],"replies":[{"embeddable":true,"href":"https:\/\/vocesdebaires.com.ar\/index.php\/wp-json\/wp\/v2\/comments?post=34162"}],"version-history":[{"count":1,"href":"https:\/\/vocesdebaires.com.ar\/index.php\/wp-json\/wp\/v2\/posts\/34162\/revisions"}],"predecessor-version":[{"id":34164,"href":"https:\/\/vocesdebaires.com.ar\/index.php\/wp-json\/wp\/v2\/posts\/34162\/revisions\/34164"}],"wp:featuredmedia":[{"embeddable":true,"href":"https:\/\/vocesdebaires.com.ar\/index.php\/wp-json\/wp\/v2\/media\/34163"}],"wp:attachment":[{"href":"https:\/\/vocesdebaires.com.ar\/index.php\/wp-json\/wp\/v2\/media?parent=34162"}],"wp:term":[{"taxonomy":"category","embeddable":true,"href":"https:\/\/vocesdebaires.com.ar\/index.php\/wp-json\/wp\/v2\/categories?post=34162"},{"taxonomy":"post_tag","embeddable":true,"href":"https:\/\/vocesdebaires.com.ar\/index.php\/wp-json\/wp\/v2\/tags?post=34162"}],"curies":[{"name":"wp","href":"https:\/\/api.w.org\/{rel}","templated":true}]}}